{"id":92287,"date":"2016-08-08T06:21:01","date_gmt":"2016-08-08T09:21:01","guid":{"rendered":"http:\/\/www.redenoticia.com.br\/noticia\/?p=92287"},"modified":"2016-08-06T20:22:12","modified_gmt":"2016-08-06T23:22:12","slug":"policia-federal-prende-suspeitos-de-clonar-cartoes-investigados-pelo-fbi","status":"publish","type":"post","link":"https:\/\/www.redenoticia.com.br\/noticia\/2016\/policia-federal-prende-suspeitos-de-clonar-cartoes-investigados-pelo-fbi\/92287","title":{"rendered":"Pol\u00edcia Federal prende suspeitos de clonar cart\u00f5es investigados pelo FBI"},"content":{"rendered":"<p> A Pol\u00edcia Federal do Rio (PF) prendeu dois integrantes de uma quadrilha especializada em clonar <strong><em>cart\u00f5es de cr\u00e9dito<\/em><\/strong> internacionais de cidad\u00e3os estrangeiros, alvos do FBI, a ag\u00eancia federal de investiga\u00e7\u00e3o dos Estados Unidos. Daniele de Souza da Silva, 31 anos, foi presa quando instalava um equipamento para clonar cart\u00f5es em uma ag\u00eancia do Ita\u00fa em Copacabana. Uma hora depois, Ant\u00f4nio Hernandes, 41 anos, foi preso em uma ag\u00eancia do mesmo banco na Pra\u00e7a General Os\u00f3rio, em Ipanema.<\/p>\n<p>Os criminosos instalavam equipamentos conhecidos como \u201cchupa cabras\u201d, que retira os dados pessoais dos correntistas, em terminais de autoatendimento. Os suspeitos agiam em ag\u00eancias banc\u00e1rias da Barra da Tijuca e em bairros da zona sul da capital fluminense. A PF busca mais quatro integrantes do grupo, identificados em filmagens de c\u00e2meras de seguran\u00e7a das ag\u00eancias banc\u00e1rias.<\/p>\n<p>Os presos foram indiciados por associa\u00e7\u00e3o criminosa e furto qualificado, cujas penas podem chegar a oito anos de pris\u00e3o. Os dois foram ouvidos pela pol\u00edcia e encaminhados ao sistema prisional do estado, onde permanecer\u00e3o \u00e0 disposi\u00e7\u00e3o da Justi\u00e7a Federal, aguardando julgamento.<\/p>\n<p>Douglas Corr\u00eaa &#8211; Rep\u00f3rter da Ag\u00eancia Brasil<br \/>\nEdi\u00e7\u00e3o: Luana Louren\u00e7o<br \/>\n08\/08\/2016<\/p>\n","protected":false},"excerpt":{"rendered":"<p>A Pol\u00edcia Federal do Rio (PF) prendeu dois integrantes de uma quadrilha especializada em clonar cart\u00f5es de cr\u00e9dito internacionais de cidad\u00e3os estrangeiros, alvos do FBI, a ag\u00eancia federal de investiga\u00e7\u00e3o dos Estados Unidos. Daniele de Souza da Silva, 31 anos, foi presa quando instalava um equipamento para clonar cart\u00f5es em uma ag\u00eancia do Ita\u00fa em [&hellip;]<\/p>\n","protected":false},"author":2,"featured_media":35203,"comment_status":"open","ping_status":"closed","sticky":false,"template":"","format":"standard","meta":{"_genesis_hide_title":false,"_genesis_hide_breadcrumbs":false,"_genesis_hide_singular_image":false,"_genesis_hide_footer_widgets":false,"_genesis_custom_body_class":"","_genesis_custom_post_class":"","_genesis_layout":"","_jetpack_memberships_contains_paid_content":false,"footnotes":""},"categories":[22],"tags":[],"class_list":{"0":"post-92287","1":"post","2":"type-post","3":"status-publish","4":"format-standard","5":"has-post-thumbnail","7":"category-brasil","8":"entry","9":"gs-1","10":"gs-odd","11":"gs-even","12":"gs-featured-content-entry"},"jetpack_featured_media_url":"https:\/\/www.redenoticia.com.br\/noticia\/imagens\/cartao-credito.jpg","jetpack_sharing_enabled":true,"jetpack_likes_enabled":true,"_links":{"self":[{"href":"https:\/\/www.redenoticia.com.br\/noticia\/wp-json\/wp\/v2\/posts\/92287","targetHints":{"allow":["GET"]}}],"collection":[{"href":"https:\/\/www.redenoticia.com.br\/noticia\/wp-json\/wp\/v2\/posts"}],"about":[{"href":"https:\/\/www.redenoticia.com.br\/noticia\/wp-json\/wp\/v2\/types\/post"}],"author":[{"embeddable":true,"href":"https:\/\/www.redenoticia.com.br\/noticia\/wp-json\/wp\/v2\/users\/2"}],"replies":[{"embeddable":true,"href":"https:\/\/www.redenoticia.com.br\/noticia\/wp-json\/wp\/v2\/comments?post=92287"}],"version-history":[{"count":0,"href":"https:\/\/www.redenoticia.com.br\/noticia\/wp-json\/wp\/v2\/posts\/92287\/revisions"}],"wp:featuredmedia":[{"embeddable":true,"href":"https:\/\/www.redenoticia.com.br\/noticia\/wp-json\/wp\/v2\/media\/35203"}],"wp:attachment":[{"href":"https:\/\/www.redenoticia.com.br\/noticia\/wp-json\/wp\/v2\/media?parent=92287"}],"wp:term":[{"taxonomy":"category","embeddable":true,"href":"https:\/\/www.redenoticia.com.br\/noticia\/wp-json\/wp\/v2\/categories?post=92287"},{"taxonomy":"post_tag","embeddable":true,"href":"https:\/\/www.redenoticia.com.br\/noticia\/wp-json\/wp\/v2\/tags?post=92287"}],"curies":[{"name":"wp","href":"https:\/\/api.w.org\/{rel}","templated":true}]}}