{"id":9225,"date":"2009-08-20T11:36:14","date_gmt":"2009-08-20T15:36:14","guid":{"rendered":"http:\/\/www.redenoticia.com.br\/noticia\/?p=9225"},"modified":"2009-08-20T11:36:14","modified_gmt":"2009-08-20T15:36:14","slug":"projeto-atletas-do-futuro-inicia-atividades-em-ji-parana","status":"publish","type":"post","link":"https:\/\/www.redenoticia.com.br\/noticia\/2009\/projeto-atletas-do-futuro-inicia-atividades-em-ji-parana\/9225","title":{"rendered":"Projeto Atletas do Futuro inicia atividades em Ji-Paran\u00e1"},"content":{"rendered":"<p>Numa iniciativa da Secretaria Municipal de Esportes (Semes) de Ji-Paran\u00e1, Rond\u00f4nia, em parceria com o Servi\u00e7o Social da Ind\u00fastria (Sesi), e com apoio de diversas empresas, acontece hoje a partir das 16 horas, no campo da Triangulina, no km-5, em Ji-Paran\u00e1, a inaugura\u00e7\u00e3o do Projeto Atletas do Futuro. O projeto tem como finalidade atender crian\u00e7as carentes do munic\u00edpio, encaminhando-os na pr\u00e1tica esportiva.<\/p>\n<p>Conforme adiantou o Secret\u00e1rio Municipal de Esportes, Cleberson Jair Patr\u00edcio de Oliveira, o \u201cBiro-Biro\u201d, o projeto visa atender crian\u00e7as numa faixa et\u00e1ria dos 7 aos 17 anos, que receber\u00e3o instru\u00e7\u00f5es b\u00e1sicas na modalidade de futebol de campo, com aulas coordenadas por professores do Sesi, auxiliados por instrutores da pr\u00f3pria Secretaria de Esportes.<\/p>\n<p>Inicialmente, em torno de 60 crian\u00e7as ser\u00e3o cadastradas na escolinha, que come\u00e7a suas atividades na tarde de hoje e ter\u00e1 aulas ministradas as quartas e sextas-feiras, das 16 \u00e0s 18 horas. \u201cA princ\u00edpio vamos ter treinamentos apenas \u00e0 tarde, mais com o crescimento no n\u00famero de novos atletas, vamos criar novos dias e hor\u00e1rios para os trabalhos\u201d, confirmou Biro-Biro. Poder\u00e3o ser disponibilizadas at\u00e9 150 vagas.<\/p>\n<p>O secret\u00e1rio informou ainda que as demais crian\u00e7as interessadas em participar do Projeto Atletas do Futuro, que procurem fazer o seu cadastro. As inscri\u00e7\u00f5es podem ser realizadas no local dos treinamentos, ou ainda na Secret\u00e1ria de Esportes, no gin\u00e1sio Gerivald\u00e3o.<\/p>\n","protected":false},"excerpt":{"rendered":"<p>Numa iniciativa da Secretaria Municipal de Esportes (Semes) de Ji-Paran\u00e1, Rond\u00f4nia, em parceria com o Servi\u00e7o Social da Ind\u00fastria (Sesi), e com apoio de diversas empresas, acontece hoje a partir das 16 horas, no campo da Triangulina, no km-5, em Ji-Paran\u00e1, a inaugura\u00e7\u00e3o do Projeto Atletas do Futuro. O projeto tem como finalidade atender crian\u00e7as [&hellip;]<\/p>\n","protected":false},"author":3,"featured_media":0,"comment_status":"open","ping_status":"open","sticky":false,"template":"","format":"standard","meta":{"_genesis_hide_title":false,"_genesis_hide_breadcrumbs":false,"_genesis_hide_singular_image":false,"_genesis_hide_footer_widgets":false,"_genesis_custom_body_class":"","_genesis_custom_post_class":"","_genesis_layout":"","_jetpack_memberships_contains_paid_content":false,"footnotes":""},"categories":[22],"tags":[],"class_list":{"0":"post-9225","1":"post","2":"type-post","3":"status-publish","4":"format-standard","6":"category-brasil","7":"entry","8":"gs-1","9":"gs-odd","10":"gs-even","11":"gs-featured-content-entry"},"jetpack_featured_media_url":"","jetpack_sharing_enabled":true,"jetpack_likes_enabled":true,"_links":{"self":[{"href":"https:\/\/www.redenoticia.com.br\/noticia\/wp-json\/wp\/v2\/posts\/9225","targetHints":{"allow":["GET"]}}],"collection":[{"href":"https:\/\/www.redenoticia.com.br\/noticia\/wp-json\/wp\/v2\/posts"}],"about":[{"href":"https:\/\/www.redenoticia.com.br\/noticia\/wp-json\/wp\/v2\/types\/post"}],"author":[{"embeddable":true,"href":"https:\/\/www.redenoticia.com.br\/noticia\/wp-json\/wp\/v2\/users\/3"}],"replies":[{"embeddable":true,"href":"https:\/\/www.redenoticia.com.br\/noticia\/wp-json\/wp\/v2\/comments?post=9225"}],"version-history":[{"count":0,"href":"https:\/\/www.redenoticia.com.br\/noticia\/wp-json\/wp\/v2\/posts\/9225\/revisions"}],"wp:attachment":[{"href":"https:\/\/www.redenoticia.com.br\/noticia\/wp-json\/wp\/v2\/media?parent=9225"}],"wp:term":[{"taxonomy":"category","embeddable":true,"href":"https:\/\/www.redenoticia.com.br\/noticia\/wp-json\/wp\/v2\/categories?post=9225"},{"taxonomy":"post_tag","embeddable":true,"href":"https:\/\/www.redenoticia.com.br\/noticia\/wp-json\/wp\/v2\/tags?post=9225"}],"curies":[{"name":"wp","href":"https:\/\/api.w.org\/{rel}","templated":true}]}}