{"id":92143,"date":"2016-08-05T06:40:12","date_gmt":"2016-08-05T09:40:12","guid":{"rendered":"http:\/\/www.redenoticia.com.br\/noticia\/?p=92143"},"modified":"2016-08-04T18:41:21","modified_gmt":"2016-08-04T21:41:21","slug":"saques-superam-depositos-na-poupanca-pelo-setimo-mes-seguido","status":"publish","type":"post","link":"https:\/\/www.redenoticia.com.br\/noticia\/2016\/saques-superam-depositos-na-poupanca-pelo-setimo-mes-seguido\/92143","title":{"rendered":"Saques superam dep\u00f3sitos na poupan\u00e7a pelo s\u00e9timo m\u00eas seguido"},"content":{"rendered":"<p> Os <strong><em>saques na poupan\u00e7a<\/em><\/strong> superaram os dep\u00f3sitos pelo s\u00e9timo m\u00eas seguido. A retirada l\u00edquida (descontados dep\u00f3sitos) ficou em R$ 1,115 bilh\u00e3o, em julho, informou o Banco Central (BC).<\/p>\n<p>O resultado negativo foi, por\u00e9m, menor do que o do mesmo m\u00eas de 2015: R$ 2,453 bilh\u00f5es. Esta tamb\u00e9m foi a menor retirada l\u00edquida registrada neste ano.<\/p>\n<p>Desde janeiro do ano passado, o \u00fanico m\u00eas em que a poupan\u00e7a teve resultado positivo (mais dep\u00f3sitos do que saques) foi dezembro de 2015 (R$ 4,789 bilh\u00f5es). De janeiro a julho deste ano, a retirada chegou a R$ 43,721 bilh\u00f5es.<\/p>\n<p>Os saques na poupan\u00e7a chegaram a R$ 160,853 bilh\u00f5es, em julho, e a R$ 1,145 trilh\u00e3o nos sete meses do ano, superando os dep\u00f3sitos, que ficaram em R$ 159,737 bilh\u00f5es e R$ 1,101 trilh\u00e3o, respectivamente.<\/p>\n<p>O saldo total nas contas ficou em R$ 641,297 bilh\u00f5es, em julho, com os rendimentos creditado nas cadernetas no total de R$ 4,189 bilh\u00f5es.<\/p>\n<p>Com os juros e a infla\u00e7\u00e3o em alta, outras aplica\u00e7\u00f5es t\u00eam se tornado mais atrativas. A recess\u00e3o econ\u00f4mica tamb\u00e9m contribuiu para a fuga de recursos da poupan\u00e7a. Por causa da crise e do desemprego, os brasileiros t\u00eam menos sobra de dinheiro para aplicar na caderneta e precisam sacar mais recursos para pagar d\u00edvidas.<\/p>\n<p>Kelly Oliveira \u2013 Rep\u00f3rter da Ag\u00eancia Brasil<br \/>\nEdi\u00e7\u00e3o: N\u00e1dia Franco<br \/>\n05\/08\/2016<\/p>\n","protected":false},"excerpt":{"rendered":"<p>Os saques na poupan\u00e7a superaram os dep\u00f3sitos pelo s\u00e9timo m\u00eas seguido. A retirada l\u00edquida (descontados dep\u00f3sitos) ficou em R$ 1,115 bilh\u00e3o, em julho, informou o Banco Central (BC). O resultado negativo foi, por\u00e9m, menor do que o do mesmo m\u00eas de 2015: R$ 2,453 bilh\u00f5es. Esta tamb\u00e9m foi a menor retirada l\u00edquida registrada neste ano. [&hellip;]<\/p>\n","protected":false},"author":2,"featured_media":38938,"comment_status":"open","ping_status":"closed","sticky":false,"template":"","format":"standard","meta":{"_genesis_hide_title":false,"_genesis_hide_breadcrumbs":false,"_genesis_hide_singular_image":false,"_genesis_hide_footer_widgets":false,"_genesis_custom_body_class":"","_genesis_custom_post_class":"","_genesis_layout":"","_jetpack_memberships_contains_paid_content":false,"footnotes":""},"categories":[22,7],"tags":[],"class_list":{"0":"post-92143","1":"post","2":"type-post","3":"status-publish","4":"format-standard","5":"has-post-thumbnail","7":"category-brasil","8":"category-economia","9":"entry","10":"gs-1","11":"gs-odd","12":"gs-even","13":"gs-featured-content-entry"},"jetpack_featured_media_url":"https:\/\/www.redenoticia.com.br\/noticia\/imagens\/economia1.jpg","jetpack_sharing_enabled":true,"jetpack_likes_enabled":true,"_links":{"self":[{"href":"https:\/\/www.redenoticia.com.br\/noticia\/wp-json\/wp\/v2\/posts\/92143","targetHints":{"allow":["GET"]}}],"collection":[{"href":"https:\/\/www.redenoticia.com.br\/noticia\/wp-json\/wp\/v2\/posts"}],"about":[{"href":"https:\/\/www.redenoticia.com.br\/noticia\/wp-json\/wp\/v2\/types\/post"}],"author":[{"embeddable":true,"href":"https:\/\/www.redenoticia.com.br\/noticia\/wp-json\/wp\/v2\/users\/2"}],"replies":[{"embeddable":true,"href":"https:\/\/www.redenoticia.com.br\/noticia\/wp-json\/wp\/v2\/comments?post=92143"}],"version-history":[{"count":0,"href":"https:\/\/www.redenoticia.com.br\/noticia\/wp-json\/wp\/v2\/posts\/92143\/revisions"}],"wp:featuredmedia":[{"embeddable":true,"href":"https:\/\/www.redenoticia.com.br\/noticia\/wp-json\/wp\/v2\/media\/38938"}],"wp:attachment":[{"href":"https:\/\/www.redenoticia.com.br\/noticia\/wp-json\/wp\/v2\/media?parent=92143"}],"wp:term":[{"taxonomy":"category","embeddable":true,"href":"https:\/\/www.redenoticia.com.br\/noticia\/wp-json\/wp\/v2\/categories?post=92143"},{"taxonomy":"post_tag","embeddable":true,"href":"https:\/\/www.redenoticia.com.br\/noticia\/wp-json\/wp\/v2\/tags?post=92143"}],"curies":[{"name":"wp","href":"https:\/\/api.w.org\/{rel}","templated":true}]}}