{"id":92141,"date":"2016-08-05T06:38:39","date_gmt":"2016-08-05T09:38:39","guid":{"rendered":"http:\/\/www.redenoticia.com.br\/noticia\/?p=92141"},"modified":"2016-08-04T18:40:04","modified_gmt":"2016-08-04T21:40:04","slug":"producao-de-veiculos-cresce-47-em-julho-diz-anfavea","status":"publish","type":"post","link":"https:\/\/www.redenoticia.com.br\/noticia\/2016\/producao-de-veiculos-cresce-47-em-julho-diz-anfavea\/92141","title":{"rendered":"Produ\u00e7\u00e3o de ve\u00edculos cresce 4,7% em julho, diz Anfavea"},"content":{"rendered":"<p> A <strong><em>produ\u00e7\u00e3o de ve\u00edculos automotores<\/em><\/strong> aumentou 4,7% em julho com a produ\u00e7\u00e3o de 189.900 unidades ante junho, quando sa\u00edram das f\u00e1bricas 181.400 ve\u00edculos, de acordo com balan\u00e7o da Associa\u00e7\u00e3o Nacional dos Fabricantes de Ve\u00edculos Automotores (Anfavea), divulgado em S\u00e3o Paulo.<\/p>\n<p>Na compara\u00e7\u00e3o com julho de 2015, a produ\u00e7\u00e3o caiu 15,3%. No acumulado do ano, quando foram fabricados 1.205.041 de ve\u00edculos, houve queda de 20,4%, porque nesse mesmo per\u00edodo do ano passado a produ\u00e7\u00e3o chegou a 1.514.001.<\/p>\n<p>\u201cHouve alguns problemas pontuais em empresas que tiveram quebra de produ\u00e7\u00e3o, mas, mesmo assim, houve esse aumento que reflete a eleva\u00e7\u00e3o de vendas. Esse n\u00famero poderia ter sido melhor se algumas empresas tivessem produ\u00e7\u00e3o mais uniforme\u201d, disse o presidente da Anfavea, Ant\u00f4nio Megale.<\/p>\n<p>O licenciamento em julho chegou a 181.400 unidades, o que representou uma eleva\u00e7\u00e3o de 5,6% ante os 171.800 vendidos em junho. Na compara\u00e7\u00e3o com julho do ano passado &#8211; quando foram vendidos 227.600 ve\u00edculos, o licenciamento caiu 20,3%. No acumulado do ano foram comercializados 1.164.094 ve\u00edculos, 24,7% a menos do que no mesmo per\u00edodo de 2015, quando foram vendidos 1.546.057.<\/p>\n<p>Exporta\u00e7\u00f5es<\/p>\n<p>\u201cEmbora esse tenha sido o melhor m\u00eas do ano, ainda n\u00e3o conseguimos dizer que isso j\u00e1 \u00e9 um in\u00edcio de recupera\u00e7\u00e3o.<br \/>\nAs exporta\u00e7\u00f5es cresceram 5% em julho de 2016 na compara\u00e7\u00e3o com junho de 2915. Foram vendidas ao mercado externo 45.552 unidades contra 43.392 de junho do ano passado.<\/p>\n<p>Segundo Megale, a Anfavea continua vendo as exporta\u00e7\u00f5es como alternativa importante para a utiliza\u00e7\u00e3o da capacidade instalada das f\u00e1bricas, considerada ociosa. \u201cO resultado \u00e9 bom, mas h\u00e1 espa\u00e7o para crescimento devido aos acordos comerciais que foram acertados entre Col\u00f4mbia e Peru. Esses acordos ainda n\u00e3o foram internacionalizados, mas temos potencial para exportar mais para eles\u201d, explicou.<\/p>\n<p>Ele destacou, ainda, o acordo com a Argentina que d\u00e1 mais previsibilidade para o setor. \u201cVamos continuar exportando para eles que t\u00eam se apresentado como mercado crescente e o Brasil \u00e9 uma participa\u00e7\u00e3o importante nesse mercado\u201d.<\/p>\n<p>Os dados mostram ainda que houve um ajuste de -0,9% no emprego do setor, com 1.200 vagas a menos do que no m\u00eas anterior. H\u00e1 26 mil pessoas em lay-off (suspens\u00e3o tempor\u00e1ria do trabalho) e dentro do PPE (Programa de Prote\u00e7\u00e3o ao Emprego).<\/p>\n<p>A Anfavea manteve as previs\u00f5es para o final de 2016, que indicam queda de 19% nas vendas, redu\u00e7\u00e3o de 16,4% na produ\u00e7\u00e3o e exporta\u00e7\u00f5es com eleva\u00e7\u00e3o de 21,5%.<\/p>\n<p>Flavia Albuquerque &#8211; Rep\u00f3rter da Ag\u00eancia Brasil<br \/>\nEdi\u00e7\u00e3o: Kleber Sampaio<br \/>\n05\/08\/2016<\/p>\n","protected":false},"excerpt":{"rendered":"<p>A produ\u00e7\u00e3o de ve\u00edculos automotores aumentou 4,7% em julho com a produ\u00e7\u00e3o de 189.900 unidades ante junho, quando sa\u00edram das f\u00e1bricas 181.400 ve\u00edculos, de acordo com balan\u00e7o da Associa\u00e7\u00e3o Nacional dos Fabricantes de Ve\u00edculos Automotores (Anfavea), divulgado em S\u00e3o Paulo. Na compara\u00e7\u00e3o com julho de 2015, a produ\u00e7\u00e3o caiu 15,3%. No acumulado do ano, quando [&hellip;]<\/p>\n","protected":false},"author":2,"featured_media":57585,"comment_status":"open","ping_status":"closed","sticky":false,"template":"","format":"standard","meta":{"_genesis_hide_title":false,"_genesis_hide_breadcrumbs":false,"_genesis_hide_singular_image":false,"_genesis_hide_footer_widgets":false,"_genesis_custom_body_class":"","_genesis_custom_post_class":"","_genesis_layout":"","_jetpack_memberships_contains_paid_content":false,"footnotes":""},"categories":[22,7],"tags":[],"class_list":{"0":"post-92141","1":"post","2":"type-post","3":"status-publish","4":"format-standard","5":"has-post-thumbnail","7":"category-brasil","8":"category-economia","9":"entry","10":"gs-1","11":"gs-odd","12":"gs-even","13":"gs-featured-content-entry"},"jetpack_featured_media_url":"https:\/\/www.redenoticia.com.br\/noticia\/imagens\/analise-economia.jpg","jetpack_sharing_enabled":true,"jetpack_likes_enabled":true,"_links":{"self":[{"href":"https:\/\/www.redenoticia.com.br\/noticia\/wp-json\/wp\/v2\/posts\/92141","targetHints":{"allow":["GET"]}}],"collection":[{"href":"https:\/\/www.redenoticia.com.br\/noticia\/wp-json\/wp\/v2\/posts"}],"about":[{"href":"https:\/\/www.redenoticia.com.br\/noticia\/wp-json\/wp\/v2\/types\/post"}],"author":[{"embeddable":true,"href":"https:\/\/www.redenoticia.com.br\/noticia\/wp-json\/wp\/v2\/users\/2"}],"replies":[{"embeddable":true,"href":"https:\/\/www.redenoticia.com.br\/noticia\/wp-json\/wp\/v2\/comments?post=92141"}],"version-history":[{"count":0,"href":"https:\/\/www.redenoticia.com.br\/noticia\/wp-json\/wp\/v2\/posts\/92141\/revisions"}],"wp:featuredmedia":[{"embeddable":true,"href":"https:\/\/www.redenoticia.com.br\/noticia\/wp-json\/wp\/v2\/media\/57585"}],"wp:attachment":[{"href":"https:\/\/www.redenoticia.com.br\/noticia\/wp-json\/wp\/v2\/media?parent=92141"}],"wp:term":[{"taxonomy":"category","embeddable":true,"href":"https:\/\/www.redenoticia.com.br\/noticia\/wp-json\/wp\/v2\/categories?post=92141"},{"taxonomy":"post_tag","embeddable":true,"href":"https:\/\/www.redenoticia.com.br\/noticia\/wp-json\/wp\/v2\/tags?post=92141"}],"curies":[{"name":"wp","href":"https:\/\/api.w.org\/{rel}","templated":true}]}}