{"id":92028,"date":"2016-08-04T06:07:22","date_gmt":"2016-08-04T09:07:22","guid":{"rendered":"http:\/\/www.redenoticia.com.br\/noticia\/?p=92028"},"modified":"2016-08-03T21:08:23","modified_gmt":"2016-08-04T00:08:23","slug":"entrada-de-dolares-no-pais-supera-saida-em-us-129-bi-em-julho","status":"publish","type":"post","link":"https:\/\/www.redenoticia.com.br\/noticia\/2016\/entrada-de-dolares-no-pais-supera-saida-em-us-129-bi-em-julho\/92028","title":{"rendered":"Entrada de d\u00f3lares no pa\u00eds supera sa\u00edda em US$ 1,29 bi em julho"},"content":{"rendered":"<p> Depois de dois meses seguidos de mais sa\u00eddas do que entradas de d\u00f3lares do pa\u00eds, o saldo do <strong><em>fluxo cambial<\/em><\/strong> ficou positivo em julho. No m\u00eas passado, mais d\u00f3lares entraram do que sa\u00edram do pa\u00eds, com saldo positivo de US$ 1,297 bilh\u00e3o, de acordo com dados do Banco Central (BC).<\/p>\n<p>O resultado positivo veio do segmento comercial (opera\u00e7\u00f5es de c\u00e2mbio relacionadas a exporta\u00e7\u00f5es e importa\u00e7\u00f5es), com US$ 4,092 bilh\u00f5es. J\u00e1 o fluxo financeiro (investimentos em t\u00edtulos, remessas de lucros e dividendos ao exterior e investimento direto no pa\u00eds, entre outras opera\u00e7\u00f5es) ficou negativo em US$ 2,794 bilh\u00f5es.<\/p>\n<p>De janeiro a julho, o fluxo cambial ficou negativo em US$ 9,111 bilh\u00f5es, com US$ 38,613 bilh\u00f5es de saldo negativo do segmento financeiro e US$ 29,502 bilh\u00f5es de saldo positivo do fluxo comercial.<\/p>\n<p>Kelly Oliveira \u2013 Rep\u00f3rter da Ag\u00eancia Brasil<br \/>\nEdi\u00e7\u00e3o: Juliana Andrade<br \/>\n04\/08\/2016<br \/>\n&#8212;<br \/>\nA Empresa Brasil de Comunica\u00e7\u00e3o \u00e9 uma institui\u00e7\u00e3o da democracia brasileira: p\u00fablica, inclusiva e cidad\u00e3. Criada em 2007 para fortalecer o sistema p\u00fablico de comunica\u00e7\u00e3o, \u00e9 gestora dos canais TV Brasil, TV Brasil Internacional, Ag\u00eancia Brasil, Radioag\u00eancia Nacional e do sistema p\u00fablico de R\u00e1dio \u2013 composto por oito emissoras. Estes, por sua independ\u00eancia editorial, distinguem-se dos canais estatais ou governamentais, com conte\u00fados diferenciados e complementares aos canais privados. Os ve\u00edculos da EBC t\u00eam autonomia para definir produ\u00e7\u00e3o, programa\u00e7\u00e3o e distribui\u00e7\u00e3o de conte\u00fados.<\/p>\n","protected":false},"excerpt":{"rendered":"<p>Depois de dois meses seguidos de mais sa\u00eddas do que entradas de d\u00f3lares do pa\u00eds, o saldo do fluxo cambial ficou positivo em julho. No m\u00eas passado, mais d\u00f3lares entraram do que sa\u00edram do pa\u00eds, com saldo positivo de US$ 1,297 bilh\u00e3o, de acordo com dados do Banco Central (BC). O resultado positivo veio do [&hellip;]<\/p>\n","protected":false},"author":2,"featured_media":40734,"comment_status":"open","ping_status":"closed","sticky":false,"template":"","format":"standard","meta":{"_genesis_hide_title":false,"_genesis_hide_breadcrumbs":false,"_genesis_hide_singular_image":false,"_genesis_hide_footer_widgets":false,"_genesis_custom_body_class":"","_genesis_custom_post_class":"","_genesis_layout":"","_jetpack_memberships_contains_paid_content":false,"footnotes":""},"categories":[22,7],"tags":[],"class_list":{"0":"post-92028","1":"post","2":"type-post","3":"status-publish","4":"format-standard","5":"has-post-thumbnail","7":"category-brasil","8":"category-economia","9":"entry","10":"gs-1","11":"gs-odd","12":"gs-even","13":"gs-featured-content-entry"},"jetpack_featured_media_url":"https:\/\/www.redenoticia.com.br\/noticia\/imagens\/economia-resultados.jpg","jetpack_sharing_enabled":true,"jetpack_likes_enabled":true,"_links":{"self":[{"href":"https:\/\/www.redenoticia.com.br\/noticia\/wp-json\/wp\/v2\/posts\/92028","targetHints":{"allow":["GET"]}}],"collection":[{"href":"https:\/\/www.redenoticia.com.br\/noticia\/wp-json\/wp\/v2\/posts"}],"about":[{"href":"https:\/\/www.redenoticia.com.br\/noticia\/wp-json\/wp\/v2\/types\/post"}],"author":[{"embeddable":true,"href":"https:\/\/www.redenoticia.com.br\/noticia\/wp-json\/wp\/v2\/users\/2"}],"replies":[{"embeddable":true,"href":"https:\/\/www.redenoticia.com.br\/noticia\/wp-json\/wp\/v2\/comments?post=92028"}],"version-history":[{"count":0,"href":"https:\/\/www.redenoticia.com.br\/noticia\/wp-json\/wp\/v2\/posts\/92028\/revisions"}],"wp:featuredmedia":[{"embeddable":true,"href":"https:\/\/www.redenoticia.com.br\/noticia\/wp-json\/wp\/v2\/media\/40734"}],"wp:attachment":[{"href":"https:\/\/www.redenoticia.com.br\/noticia\/wp-json\/wp\/v2\/media?parent=92028"}],"wp:term":[{"taxonomy":"category","embeddable":true,"href":"https:\/\/www.redenoticia.com.br\/noticia\/wp-json\/wp\/v2\/categories?post=92028"},{"taxonomy":"post_tag","embeddable":true,"href":"https:\/\/www.redenoticia.com.br\/noticia\/wp-json\/wp\/v2\/tags?post=92028"}],"curies":[{"name":"wp","href":"https:\/\/api.w.org\/{rel}","templated":true}]}}