{"id":92026,"date":"2016-08-04T06:06:13","date_gmt":"2016-08-04T09:06:13","guid":{"rendered":"http:\/\/www.redenoticia.com.br\/noticia\/?p=92026"},"modified":"2016-08-03T21:07:15","modified_gmt":"2016-08-04T00:07:15","slug":"precos-das-commodities-caem-571-de-junho-para-julho","status":"publish","type":"post","link":"https:\/\/www.redenoticia.com.br\/noticia\/2016\/precos-das-commodities-caem-571-de-junho-para-julho\/92026","title":{"rendered":"Pre\u00e7os das commodities caem 5,71% de junho para julho"},"content":{"rendered":"<p> Os pre\u00e7os das <strong><em>commodities<\/em><\/strong>, produtos prim\u00e1rios com cota\u00e7\u00e3o internacional, apresentaram queda de 5,71%, em julho, comparado ao m\u00eas anterior. \u00c9 o que mostra o \u00cdndice de Commodities Brasil (IC-Br), calculado mensalmente pelo Banco Central (BC). No acumulado do ano, a queda ficou em 10,07%. Em 12 meses encerrados em julho, no entanto, o \u00edndice apresentou alta de 0,33%.<\/p>\n<p>O IC-Br \u00e9 calculado com base na varia\u00e7\u00e3o em reais dos pre\u00e7os de produtos prim\u00e1rios (commodities) brasileiros negociados no exterior. O BC observa os produtos que s\u00e3o relevantes para a din\u00e2mica dos pre\u00e7os ao consumidor no Brasil.<\/p>\n<p>No m\u00eas passado, as commodities do segmento agropecu\u00e1rio (carne de boi, algod\u00e3o, \u00f3leo de soja, trigo, a\u00e7\u00facar, milho, caf\u00e9, arroz e carne de porco) tiveram queda de 6,84%. Os pre\u00e7os das commodities do segmento de energia (petr\u00f3leo, g\u00e1s natural e carv\u00e3o) ca\u00edram 7,57%. No caso de metais (alum\u00ednio, min\u00e9rio de ferro, cobre, estanho, zinco, chumbo e n\u00edquel), houve alta de 0,88%.<\/p>\n<p>O \u00edndice internacional de pre\u00e7os de commodities CRB, calculado pelo Commodity Research Bureau, registrou queda de 5,51%, em julho, e alta de 0,54%, em 12 meses.<\/p>\n<p>Kelly Oliveira \u2013 Rep\u00f3rter da Ag\u00eancia Brasil<br \/>\nEdi\u00e7\u00e3o: Juliana Andrade<br \/>\n04\/08\/2016<br \/>\n&#8212;<br \/>\nA Empresa Brasil de Comunica\u00e7\u00e3o \u00e9 uma institui\u00e7\u00e3o da democracia brasileira: p\u00fablica, inclusiva e cidad\u00e3. Criada em 2007 para fortalecer o sistema p\u00fablico de comunica\u00e7\u00e3o, \u00e9 gestora dos canais TV Brasil, TV Brasil Internacional, Ag\u00eancia Brasil, Radioag\u00eancia Nacional e do sistema p\u00fablico de R\u00e1dio \u2013 composto por oito emissoras. Estes, por sua independ\u00eancia editorial, distinguem-se dos canais estatais ou governamentais, com conte\u00fados diferenciados e complementares aos canais privados. Os ve\u00edculos da EBC t\u00eam autonomia para definir produ\u00e7\u00e3o, programa\u00e7\u00e3o e distribui\u00e7\u00e3o de conte\u00fados.<\/p>\n","protected":false},"excerpt":{"rendered":"<p>Os pre\u00e7os das commodities, produtos prim\u00e1rios com cota\u00e7\u00e3o internacional, apresentaram queda de 5,71%, em julho, comparado ao m\u00eas anterior. \u00c9 o que mostra o \u00cdndice de Commodities Brasil (IC-Br), calculado mensalmente pelo Banco Central (BC). No acumulado do ano, a queda ficou em 10,07%. Em 12 meses encerrados em julho, no entanto, o \u00edndice apresentou [&hellip;]<\/p>\n","protected":false},"author":2,"featured_media":57585,"comment_status":"open","ping_status":"closed","sticky":false,"template":"","format":"standard","meta":{"_genesis_hide_title":false,"_genesis_hide_breadcrumbs":false,"_genesis_hide_singular_image":false,"_genesis_hide_footer_widgets":false,"_genesis_custom_body_class":"","_genesis_custom_post_class":"","_genesis_layout":"","_jetpack_memberships_contains_paid_content":false,"footnotes":""},"categories":[22,7],"tags":[],"class_list":{"0":"post-92026","1":"post","2":"type-post","3":"status-publish","4":"format-standard","5":"has-post-thumbnail","7":"category-brasil","8":"category-economia","9":"entry","10":"gs-1","11":"gs-odd","12":"gs-even","13":"gs-featured-content-entry"},"jetpack_featured_media_url":"https:\/\/www.redenoticia.com.br\/noticia\/imagens\/analise-economia.jpg","jetpack_sharing_enabled":true,"jetpack_likes_enabled":true,"_links":{"self":[{"href":"https:\/\/www.redenoticia.com.br\/noticia\/wp-json\/wp\/v2\/posts\/92026","targetHints":{"allow":["GET"]}}],"collection":[{"href":"https:\/\/www.redenoticia.com.br\/noticia\/wp-json\/wp\/v2\/posts"}],"about":[{"href":"https:\/\/www.redenoticia.com.br\/noticia\/wp-json\/wp\/v2\/types\/post"}],"author":[{"embeddable":true,"href":"https:\/\/www.redenoticia.com.br\/noticia\/wp-json\/wp\/v2\/users\/2"}],"replies":[{"embeddable":true,"href":"https:\/\/www.redenoticia.com.br\/noticia\/wp-json\/wp\/v2\/comments?post=92026"}],"version-history":[{"count":0,"href":"https:\/\/www.redenoticia.com.br\/noticia\/wp-json\/wp\/v2\/posts\/92026\/revisions"}],"wp:featuredmedia":[{"embeddable":true,"href":"https:\/\/www.redenoticia.com.br\/noticia\/wp-json\/wp\/v2\/media\/57585"}],"wp:attachment":[{"href":"https:\/\/www.redenoticia.com.br\/noticia\/wp-json\/wp\/v2\/media?parent=92026"}],"wp:term":[{"taxonomy":"category","embeddable":true,"href":"https:\/\/www.redenoticia.com.br\/noticia\/wp-json\/wp\/v2\/categories?post=92026"},{"taxonomy":"post_tag","embeddable":true,"href":"https:\/\/www.redenoticia.com.br\/noticia\/wp-json\/wp\/v2\/tags?post=92026"}],"curies":[{"name":"wp","href":"https:\/\/api.w.org\/{rel}","templated":true}]}}