{"id":91930,"date":"2016-08-03T06:30:56","date_gmt":"2016-08-03T09:30:56","guid":{"rendered":"http:\/\/www.redenoticia.com.br\/noticia\/?p=91930"},"modified":"2016-08-02T20:04:58","modified_gmt":"2016-08-02T23:04:58","slug":"comercio-nacional-espera-queda-de-94-nas-vendas-para-dia-dos-pais","status":"publish","type":"post","link":"https:\/\/www.redenoticia.com.br\/noticia\/2016\/comercio-nacional-espera-queda-de-94-nas-vendas-para-dia-dos-pais\/91930","title":{"rendered":"Com\u00e9rcio nacional espera queda de 9,4% nas vendas para Dia dos Pais"},"content":{"rendered":"<p> Estudo divulgado pela Confedera\u00e7\u00e3o Nacional do Com\u00e9rcio de Bens, Servi\u00e7os e Turismo (CNC) para as <strong><em>vendas no Dia dos Pais<\/em><\/strong>, 14 de agosto, prev\u00ea queda no faturamento de 9,4% no pa\u00eds em compara\u00e7\u00e3o a igual per\u00edodo do ano passado, embora com um movimento de cerca de R$ 4,2 bilh\u00f5es em vendas no varejo, em todo o pa\u00eds, o que equivale a 5,6% do faturamento esperado para o m\u00eas.<\/p>\n<p>Esse ser\u00e1, segundo a CNC, o pior desempenho desde o in\u00edcio do estudo em 2004, quando as vendas subiram. O economista da CNC Fabio Bentes entende que a queda replica, de certa forma, o comportamento dos neg\u00f3cios nas \u00faltimas datas comemorativas: \u201c\u00c9 a segunda queda nas vendas da data. Na P\u00e1scoa foi assim, as vendas ca\u00edram pelo segundo ano consecutivo; no Dia das M\u00e3es, no Dia dos Namorados, o mesmo. O Dia dos Pais n\u00e3o vai ser diferente\u201d.<\/p>\n<p>Segmentos<\/p>\n<p>O Dia dos Pais, segundo Bentes, movimenta dois setores importantes do varejo: alimenta\u00e7\u00e3o, incluindo bebidas e alimentos e vestu\u00e1rio, que \u201cest\u00e3o passando por um momento muito ruim\u201d, e explica: a alta no pre\u00e7o dos alimentos afugenta o consumidor e, no caso do vestu\u00e1rio, as vendas est\u00e3o caindo de forma acelerada, atingindo 10% no ano. Assim, os dois principais segmentos de presentes para o Dia dos Pais tamb\u00e9m v\u00e3o apresentar quedas: alimentos, quase 3% e vestu\u00e1rio, 9,5%.<\/p>\n<p>\u201cO varejo est\u00e1 passando ainda por uma crise muito forte, devido a pre\u00e7o de alimento muito alto e cr\u00e9dito car\u00edssimo\u201d, afirma o economista da CNC. Nos \u00faltimos 12 meses encerrados em junho, a taxa de juros ao consumidor bateu nove recordes de alta: \u201cO consumidor est\u00e1 sem dinheiro no bolso e tomar dinheiro emprestado continua muito caro\u201d.<\/p>\n<p>A taxa de juros ao consumidor est\u00e1 em torno de 71% ao ano e nem mesmo o setor de perfumaria e cosm\u00e9ticos, que vinha relativamente bem no varejo, espera rea\u00e7\u00e3o positiva das vendas. \u201cTodos os segmentos v\u00e3o registrar queda nesse Dia dos Pa\u00eds\u201d, afirma Bentes.<\/p>\n<p>Renda baixa<\/p>\n<p>Diante desse cen\u00e1rio, a CNC prev\u00ea que os filhos, na hora de buscar presentes para os pais, v\u00e3o optar por um valor m\u00e9dio compat\u00edvel com sua renda baixa. Segmentos de m\u00f3veis, eletrodom\u00e9sticos e eletroeletr\u00f4nicos est\u00e3o \u201cfora do radar\u201d, diz Bentes, e prev\u00ea que \u201cAs vendas v\u00e3o cair na casa dos dois d\u00edgitos\u201d.<\/p>\n<p>O mesmo ocorre em parte do segmento de vestu\u00e1rio. Apesar das quedas recentes, esses dois segmentos v\u00e3o responder por 56% das vendas para a data. Isso significa, conforme Fabio Bentes, que de cada R$ 100 que forem gastos pelos filhos com os pais, R$ 56 v\u00e3o se dar nesses dois segmentos.<\/p>\n<p>Outro term\u00f4metro que mostra como a data est\u00e1 ruim para o com\u00e9rcio \u00e9 a contrata\u00e7\u00e3o de funcion\u00e1rios tempor\u00e1rios. A CNC estima queda de 3,7% no n\u00famero de trabalhadores contratados em rela\u00e7\u00e3o ao ano passado, menor resultado para a data desde 2012. Ainda assim, o economista diz que ser\u00e3o criados mais de 24 mil postos de trabalho tempor\u00e1rio no pa\u00eds por causa da data, mas esclarece: \u201cParece um n\u00famero muito bom mas, historicamente, a contrata\u00e7\u00e3o de tempor\u00e1rios \u00e9 bem mais do que isso\u201d.<\/p>\n<p>O Dia dos Pais \u00e9 a quarta melhor data para o com\u00e9rcio brasileiro, depois do Natal, Dia das M\u00e3es e Dia da Crian\u00e7a. Embora as vendas sempre cres\u00e7am em agosto, comparativamente a julho, a contrata\u00e7\u00e3o de tempor\u00e1rios \u00e9 um sintoma de que o pr\u00f3prio lojista n\u00e3o est\u00e1 investindo muito na data e sabe, de modo geral, que o resultado vai ser negativo. A expectativa \u00e9 que este ano as vendas aumentem 1,5% sobre o m\u00eas anterior, \u201cmesmo com crise econ\u00f4mica\u201d, porque se trata de um fator sazonal, na avalia\u00e7\u00e3o de Bentes.<\/p>\n<p>O Dia dos Pais responde por mais de 6% do faturamento mensal do varejo, que contabiliza tamb\u00e9m venda de autom\u00f3veis e material de constru\u00e7\u00e3o, itens que n\u00e3o t\u00eam apelo com a data. \u201c\u00c9 uma data importante do varejo. Seria pior se n\u00e3o tivesse a data\u201d, opina o economista.<\/p>\n<p>Otimismo<\/p>\n<p>J\u00e1 o com\u00e9rcio lojista da cidade do Rio de Janeiro demonstra maior otimismo. A pesquisa Expectativa de Vendas para o Dia dos Pais, feita pelo Centro de Estudos do Clube de Diretores Lojistas do Rio de Janeiro (CDL Rio) com 500 lojistas, entre os dias 18 e 25 de julho, revela que a expectativa \u00e9 vender mais 2,5% no Dia dos Pais, com t\u00edquete m\u00e9dio por pessoa de R$ 100.<\/p>\n<p>O presidente do CDL Rio, Aldo Gon\u00e7alves, avaliou, por\u00e9m, que apesar da expectativa de incremento, os lojistas se mostram \u201cmoderadamente otimistas\u201d e continuam preocupados com o atual momento da economia, recorrendo a a\u00e7\u00f5es para incentivar os consumidores a comprar, entre as quais promo\u00e7\u00f5es, descontos no total das compras e facilidades de pagamento.<\/p>\n<p>De acordo com a pesquisa, os produtos mais vendidos no Rio de Janeiro para os pais devem ser roupas, cal\u00e7ados, rel\u00f3gios, livros, celulares, artigos esportivos, perfumes, acess\u00f3rios e vinho. As lojas localizadas na zona norte v\u00e3o liderar as vendas, com 30,8% do total, seguidas do centro da cidade (26,9%).<\/p>\n<p>Alana Gandra &#8211; Rep\u00f3rter da Ag\u00eancia Brasil<br \/>\nEdi\u00e7\u00e3o: Jorge Wamburg<br \/>\n03\/08\/2016 <\/p>\n","protected":false},"excerpt":{"rendered":"<p>Estudo divulgado pela Confedera\u00e7\u00e3o Nacional do Com\u00e9rcio de Bens, Servi\u00e7os e Turismo (CNC) para as vendas no Dia dos Pais, 14 de agosto, prev\u00ea queda no faturamento de 9,4% no pa\u00eds em compara\u00e7\u00e3o a igual per\u00edodo do ano passado, embora com um movimento de cerca de R$ 4,2 bilh\u00f5es em vendas no varejo, em todo [&hellip;]<\/p>\n","protected":false},"author":2,"featured_media":57583,"comment_status":"open","ping_status":"closed","sticky":false,"template":"","format":"standard","meta":{"_genesis_hide_title":false,"_genesis_hide_breadcrumbs":false,"_genesis_hide_singular_image":false,"_genesis_hide_footer_widgets":false,"_genesis_custom_body_class":"","_genesis_custom_post_class":"","_genesis_layout":"","_jetpack_memberships_contains_paid_content":false,"footnotes":""},"categories":[22,7],"tags":[],"class_list":{"0":"post-91930","1":"post","2":"type-post","3":"status-publish","4":"format-standard","5":"has-post-thumbnail","7":"category-brasil","8":"category-economia","9":"entry","10":"gs-1","11":"gs-odd","12":"gs-even","13":"gs-featured-content-entry"},"jetpack_featured_media_url":"https:\/\/www.redenoticia.com.br\/noticia\/imagens\/economia-grafico.jpg","jetpack_sharing_enabled":true,"jetpack_likes_enabled":true,"_links":{"self":[{"href":"https:\/\/www.redenoticia.com.br\/noticia\/wp-json\/wp\/v2\/posts\/91930","targetHints":{"allow":["GET"]}}],"collection":[{"href":"https:\/\/www.redenoticia.com.br\/noticia\/wp-json\/wp\/v2\/posts"}],"about":[{"href":"https:\/\/www.redenoticia.com.br\/noticia\/wp-json\/wp\/v2\/types\/post"}],"author":[{"embeddable":true,"href":"https:\/\/www.redenoticia.com.br\/noticia\/wp-json\/wp\/v2\/users\/2"}],"replies":[{"embeddable":true,"href":"https:\/\/www.redenoticia.com.br\/noticia\/wp-json\/wp\/v2\/comments?post=91930"}],"version-history":[{"count":0,"href":"https:\/\/www.redenoticia.com.br\/noticia\/wp-json\/wp\/v2\/posts\/91930\/revisions"}],"wp:featuredmedia":[{"embeddable":true,"href":"https:\/\/www.redenoticia.com.br\/noticia\/wp-json\/wp\/v2\/media\/57583"}],"wp:attachment":[{"href":"https:\/\/www.redenoticia.com.br\/noticia\/wp-json\/wp\/v2\/media?parent=91930"}],"wp:term":[{"taxonomy":"category","embeddable":true,"href":"https:\/\/www.redenoticia.com.br\/noticia\/wp-json\/wp\/v2\/categories?post=91930"},{"taxonomy":"post_tag","embeddable":true,"href":"https:\/\/www.redenoticia.com.br\/noticia\/wp-json\/wp\/v2\/tags?post=91930"}],"curies":[{"name":"wp","href":"https:\/\/api.w.org\/{rel}","templated":true}]}}