{"id":91928,"date":"2016-08-03T06:28:57","date_gmt":"2016-08-03T09:28:57","guid":{"rendered":"http:\/\/www.redenoticia.com.br\/noticia\/?p=91928"},"modified":"2016-08-02T20:03:53","modified_gmt":"2016-08-02T23:03:53","slug":"venda-de-veiculos-novos-cai-2029-em-julho-diz-fenabrave","status":"publish","type":"post","link":"https:\/\/www.redenoticia.com.br\/noticia\/2016\/venda-de-veiculos-novos-cai-2029-em-julho-diz-fenabrave\/91928","title":{"rendered":"Venda de ve\u00edculos novos cai 20,29% em julho, diz Fenabrave"},"content":{"rendered":"<p> A <strong><em>venda de ve\u00edculos novos<\/em><\/strong> em todo o pa\u00eds caiu 20,29% em julho, na compara\u00e7\u00e3o com julho do ano passado, segundo dados divulgados pela Federa\u00e7\u00e3o Nacional da Distribui\u00e7\u00e3o de Ve\u00edculos Automotores (Fenabrave). O percentual leva em conta autom\u00f3veis leves, comerciais leves, caminh\u00f5es e \u00f4nibus.<\/p>\n<p> No m\u00eas passado, foram comercializados 181.416 unidades, contra 227.606 unidades em julho de 2015. Em rela\u00e7\u00e3o a junho, houve alta de 5,59%. No acumulado, foi registrada queda de 24,68% na compara\u00e7\u00e3o com o mesmo per\u00edodo em 2015.<\/p>\n<p>A comercializa\u00e7\u00e3o de autom\u00f3veis leves cresceu 5,03% em julho, na compara\u00e7\u00e3o com junho. Em julho, foram emplacadas 146.590 unidades, contra 139.572 unidades em junho. Na compara\u00e7\u00e3o com julho de 2015, foi registrada queda de 21,61%.<\/p>\n<p>No per\u00edodo, foram comercializadas 186.995 unidades. No acumulado do ano, foi registrada redu\u00e7\u00e3o de 24,21% em rela\u00e7\u00e3o ao mesmo per\u00edodo de 2015.<\/p>\n<p>Na compara\u00e7\u00e3o com junho, a categoria \u00f4nibus destacou-se com eleva\u00e7\u00e3o de 62,6% no total das vendas em julho. Foram vendidas 1.948 unidades em julho, contra 1.198 unidades em junho. Na compara\u00e7\u00e3o com julho do ano anterior, foi registrada alta de 14,72%<\/p>\n<p>Alarico Assump\u00e7\u00e3o J\u00fanior, presidente da Fenabrave, esclareceu que, por ser ano eleitoral, as prefeituras renovaram a frota de seus coletivos. \u201cNos centros maiores, h\u00e1 essa tend\u00eancia hist\u00f3rica de renova\u00e7\u00e3o da frota de \u00f4nibus no per\u00edodo eleitoral\u201d, acrescentou.<\/p>\n<p>Considerando todo o setor, que inclui motocicletas e implemento rodovi\u00e1rio, houve alta de 3,09% em julho em rela\u00e7\u00e3o a junho. No comparativo com julho do ano anterior, foi registrada queda de 22,06%. A limita\u00e7\u00e3o do cr\u00e9dito \u00e0 popula\u00e7\u00e3o de baixa renda, principal consumidora de motocicletas, t\u00eam prejudicado o setor.<\/p>\n<p>Proje\u00e7\u00f5es<\/p>\n<p>Alarico informou que a previs\u00e3o de continuidade do desemprego e de dificuldade de recupera\u00e7\u00e3o da economia s\u00e3o limitadores, mas n\u00e3o devem atrapalhar o setor.<\/p>\n<p>Pelas proje\u00e7\u00f5es, as vendas em todos os segmentos de ve\u00edculos, incluindo motocicletas, devem ter uma redu\u00e7\u00e3o de 16,14% no fechamento deste ano. Considerando s\u00f3 os autom\u00f3veis e comerciais, a previs\u00e3o \u00e9 de um recuo de 18%.<\/p>\n<p>O presidente da Fenabrave t\u00eam vis\u00e3o positiva em rela\u00e7\u00e3o ao futuro da economia. \u201cTemos a cren\u00e7a de que o pior j\u00e1 passou. Antes, chegamos no fundo do po\u00e7o. Terminou essa hemorragia. Esse sangramento est\u00e1 estacado\u201d, concluiu.<\/p>\n<p>Fernanda Cruz &#8211; Rep\u00f3rter da Ag\u00eancia Brasil<br \/>\nEdi\u00e7\u00e3o: Armando Cardoso<br \/>\n03\/08\/2016<\/p>\n","protected":false},"excerpt":{"rendered":"<p>A venda de ve\u00edculos novos em todo o pa\u00eds caiu 20,29% em julho, na compara\u00e7\u00e3o com julho do ano passado, segundo dados divulgados pela Federa\u00e7\u00e3o Nacional da Distribui\u00e7\u00e3o de Ve\u00edculos Automotores (Fenabrave). O percentual leva em conta autom\u00f3veis leves, comerciais leves, caminh\u00f5es e \u00f4nibus. No m\u00eas passado, foram comercializados 181.416 unidades, contra 227.606 unidades em [&hellip;]<\/p>\n","protected":false},"author":2,"featured_media":40734,"comment_status":"open","ping_status":"closed","sticky":false,"template":"","format":"standard","meta":{"_genesis_hide_title":false,"_genesis_hide_breadcrumbs":false,"_genesis_hide_singular_image":false,"_genesis_hide_footer_widgets":false,"_genesis_custom_body_class":"","_genesis_custom_post_class":"","_genesis_layout":"","_jetpack_memberships_contains_paid_content":false,"footnotes":""},"categories":[22,7],"tags":[],"class_list":{"0":"post-91928","1":"post","2":"type-post","3":"status-publish","4":"format-standard","5":"has-post-thumbnail","7":"category-brasil","8":"category-economia","9":"entry","10":"gs-1","11":"gs-odd","12":"gs-even","13":"gs-featured-content-entry"},"jetpack_featured_media_url":"https:\/\/www.redenoticia.com.br\/noticia\/imagens\/economia-resultados.jpg","jetpack_sharing_enabled":true,"jetpack_likes_enabled":true,"_links":{"self":[{"href":"https:\/\/www.redenoticia.com.br\/noticia\/wp-json\/wp\/v2\/posts\/91928","targetHints":{"allow":["GET"]}}],"collection":[{"href":"https:\/\/www.redenoticia.com.br\/noticia\/wp-json\/wp\/v2\/posts"}],"about":[{"href":"https:\/\/www.redenoticia.com.br\/noticia\/wp-json\/wp\/v2\/types\/post"}],"author":[{"embeddable":true,"href":"https:\/\/www.redenoticia.com.br\/noticia\/wp-json\/wp\/v2\/users\/2"}],"replies":[{"embeddable":true,"href":"https:\/\/www.redenoticia.com.br\/noticia\/wp-json\/wp\/v2\/comments?post=91928"}],"version-history":[{"count":0,"href":"https:\/\/www.redenoticia.com.br\/noticia\/wp-json\/wp\/v2\/posts\/91928\/revisions"}],"wp:featuredmedia":[{"embeddable":true,"href":"https:\/\/www.redenoticia.com.br\/noticia\/wp-json\/wp\/v2\/media\/40734"}],"wp:attachment":[{"href":"https:\/\/www.redenoticia.com.br\/noticia\/wp-json\/wp\/v2\/media?parent=91928"}],"wp:term":[{"taxonomy":"category","embeddable":true,"href":"https:\/\/www.redenoticia.com.br\/noticia\/wp-json\/wp\/v2\/categories?post=91928"},{"taxonomy":"post_tag","embeddable":true,"href":"https:\/\/www.redenoticia.com.br\/noticia\/wp-json\/wp\/v2\/tags?post=91928"}],"curies":[{"name":"wp","href":"https:\/\/api.w.org\/{rel}","templated":true}]}}