{"id":91926,"date":"2016-08-03T06:27:23","date_gmt":"2016-08-03T09:27:23","guid":{"rendered":"http:\/\/www.redenoticia.com.br\/noticia\/?p=91926"},"modified":"2016-08-02T20:01:54","modified_gmt":"2016-08-02T23:01:54","slug":"producao-industrial-cresce-pelo-quarto-mes-consecutivo-com-alta-de-11","status":"publish","type":"post","link":"https:\/\/www.redenoticia.com.br\/noticia\/2016\/producao-industrial-cresce-pelo-quarto-mes-consecutivo-com-alta-de-11\/91926","title":{"rendered":"Produ\u00e7\u00e3o industrial cresce pelo quarto m\u00eas consecutivo, com alta de 1,1%"},"content":{"rendered":"<p> A <strong><em>produ\u00e7\u00e3o industrial<\/em><\/strong> brasileira cresceu 1,1% na passagem de maio para junho. Segundo dados da Pesquisa Industrial Mensal \u2013 Produ\u00e7\u00e3o F\u00edsica (PIM-PF), divulgados pelo Instituto Brasileiro de Geografia e Estat\u00edstica (IBGE), esta \u00e9 a quarta alta consecutiva do indicador nesse tipo de compara\u00e7\u00e3o.<\/p>\n<p>Apesar disso, a produ\u00e7\u00e3o teve queda de 6% na compara\u00e7\u00e3o com junho do ano passado, marcando a 28\u00aa taxa negativa consecutiva nessa compara\u00e7\u00e3o. A ind\u00fastria brasileira tamb\u00e9m acumula quedas de 9,1% em 2016 e de 9,8% no per\u00edodo de 12 meses.<\/p>\n<p>Na passagem de maio para junho, as quatro grandes categorias econ\u00f4micas tiveram alta, com destaque para os bens de capital, isto \u00e9, as m\u00e1quinas e equipamentos, com crescimento de 2,1%. As demais categorias tiveram as seguintes taxas de crescimento: bens de consumo semi e n\u00e3o dur\u00e1veis (1,2%), bens de consumo dur\u00e1veis (1,1%) e bens intermedi\u00e1rios, isto \u00e9, os insumos industrializados para o setor produtivo (0,5%).<\/p>\n<p>Ainda nesse tipo de compara\u00e7\u00e3o, 18 das 24 atividades industriais tiveram alta na produ\u00e7\u00e3o. Os principais destaques vieram dos ve\u00edculos automotores (8,4%), de perfumaria, produtos de limpeza e de higiene pessoal (4,7%), metalurgia (4,7%), confec\u00e7\u00e3o de artigos do vestu\u00e1rio (9,8%), artefatos de couro e cal\u00e7ados (10,8%), produtos farmac\u00eauticos (4,4%) e produtos de borracha e de material pl\u00e1stico (2,4%).<\/p>\n<p>Por outro lado, seis atividades industriais tiveram queda na produ\u00e7\u00e3o na passagem de maio para junho, com destaques para produtos aliment\u00edcios (-0,7%), bebidas (-2,6%), produtos derivados do petr\u00f3leo e biocombust\u00edveis (-0,6%) e produtos de papel (-2%).<\/p>\n<p>Vitor Abdala \u2013 Rep\u00f3rter da Ag\u00eancia Brasil<br \/>\nEdi\u00e7\u00e3o: Gra\u00e7a Adjuto<br \/>\n03\/08\/2016<\/p>\n","protected":false},"excerpt":{"rendered":"<p>A produ\u00e7\u00e3o industrial brasileira cresceu 1,1% na passagem de maio para junho. Segundo dados da Pesquisa Industrial Mensal \u2013 Produ\u00e7\u00e3o F\u00edsica (PIM-PF), divulgados pelo Instituto Brasileiro de Geografia e Estat\u00edstica (IBGE), esta \u00e9 a quarta alta consecutiva do indicador nesse tipo de compara\u00e7\u00e3o. Apesar disso, a produ\u00e7\u00e3o teve queda de 6% na compara\u00e7\u00e3o com junho [&hellip;]<\/p>\n","protected":false},"author":2,"featured_media":57582,"comment_status":"open","ping_status":"closed","sticky":false,"template":"","format":"standard","meta":{"_genesis_hide_title":false,"_genesis_hide_breadcrumbs":false,"_genesis_hide_singular_image":false,"_genesis_hide_footer_widgets":false,"_genesis_custom_body_class":"","_genesis_custom_post_class":"","_genesis_layout":"","_jetpack_memberships_contains_paid_content":false,"footnotes":""},"categories":[22,7],"tags":[],"class_list":{"0":"post-91926","1":"post","2":"type-post","3":"status-publish","4":"format-standard","5":"has-post-thumbnail","7":"category-brasil","8":"category-economia","9":"entry","10":"gs-1","11":"gs-odd","12":"gs-even","13":"gs-featured-content-entry"},"jetpack_featured_media_url":"https:\/\/www.redenoticia.com.br\/noticia\/imagens\/grafico1.jpg","jetpack_sharing_enabled":true,"jetpack_likes_enabled":true,"_links":{"self":[{"href":"https:\/\/www.redenoticia.com.br\/noticia\/wp-json\/wp\/v2\/posts\/91926","targetHints":{"allow":["GET"]}}],"collection":[{"href":"https:\/\/www.redenoticia.com.br\/noticia\/wp-json\/wp\/v2\/posts"}],"about":[{"href":"https:\/\/www.redenoticia.com.br\/noticia\/wp-json\/wp\/v2\/types\/post"}],"author":[{"embeddable":true,"href":"https:\/\/www.redenoticia.com.br\/noticia\/wp-json\/wp\/v2\/users\/2"}],"replies":[{"embeddable":true,"href":"https:\/\/www.redenoticia.com.br\/noticia\/wp-json\/wp\/v2\/comments?post=91926"}],"version-history":[{"count":0,"href":"https:\/\/www.redenoticia.com.br\/noticia\/wp-json\/wp\/v2\/posts\/91926\/revisions"}],"wp:featuredmedia":[{"embeddable":true,"href":"https:\/\/www.redenoticia.com.br\/noticia\/wp-json\/wp\/v2\/media\/57582"}],"wp:attachment":[{"href":"https:\/\/www.redenoticia.com.br\/noticia\/wp-json\/wp\/v2\/media?parent=91926"}],"wp:term":[{"taxonomy":"category","embeddable":true,"href":"https:\/\/www.redenoticia.com.br\/noticia\/wp-json\/wp\/v2\/categories?post=91926"},{"taxonomy":"post_tag","embeddable":true,"href":"https:\/\/www.redenoticia.com.br\/noticia\/wp-json\/wp\/v2\/tags?post=91926"}],"curies":[{"name":"wp","href":"https:\/\/api.w.org\/{rel}","templated":true}]}}