{"id":91924,"date":"2016-08-03T06:26:03","date_gmt":"2016-08-03T09:26:03","guid":{"rendered":"http:\/\/www.redenoticia.com.br\/noticia\/?p=91924"},"modified":"2016-08-02T20:00:19","modified_gmt":"2016-08-02T23:00:19","slug":"indicador-de-confianca-de-pequenos-empresarios-sobe-para-4472-pontos","status":"publish","type":"post","link":"https:\/\/www.redenoticia.com.br\/noticia\/2016\/indicador-de-confianca-de-pequenos-empresarios-sobe-para-4472-pontos\/91924","title":{"rendered":"Indicador de Confian\u00e7a de pequenos empres\u00e1rios sobe para 44,72 pontos"},"content":{"rendered":"<p> O <strong><em>Indicador de Confian\u00e7a<\/em><\/strong> (IC) dos micro e pequenos empres\u00e1rios dos segmentos do varejo e de servi\u00e7os avan\u00e7ou 20,7% na compara\u00e7\u00e3o entre julho e o mesmo m\u00eas de 2015. Calculado pelo Servi\u00e7o de Prote\u00e7\u00e3o ao Cr\u00e9dito (SPC Brasil) e pela Confedera\u00e7\u00e3o Nacional de Dirigentes Lojistas (CNDL), o IC passou de 37,06 pontos para 44,72 pontos, atingindo o maior patamar em 15 meses de s\u00e9rie hist\u00f3rica. Na compara\u00e7\u00e3o com junho deste, quando o indicador estava em 42,93 pontos, o crescimento foi de 4,2%.<\/p>\n<p>Segundo o SPC Brasil, apesar da melhora registrada nas varia\u00e7\u00f5es anual e mensal, a maior parte dos entrevistados ainda avalia que as condi\u00e7\u00f5es gerais da economia e de seus neg\u00f3cios pioraram no \u00faltimo semestre, uma vez que segue abaixo do n\u00edvel neutro de 50 pontos. A escala do indicador varia de zero a 100 \u2013 acima de 50 pontos mostra otimismo e abaixo mostra pessimismo.<\/p>\n<p>O IC \u00e9 composto pelo Indicador de Condi\u00e7\u00f5es Gerais e pelo Indicador de Expectativas. O Indicador de Condi\u00e7\u00f5es Gerais, que avalia a percep\u00e7\u00e3o do micro e pequeno empresariado sobre o desempenho de suas empresas e da economia brasileira nos \u00faltimos seis meses, avan\u00e7ou de 21,32 pontos para 25,53 na compara\u00e7\u00e3o entre julho e o mesmo m\u00eas do ano anterior.<\/p>\n<p>Percep\u00e7\u00e3o de empres\u00e1rios<\/p>\n<p>O resultado, por\u00e9m, segue abaixo do n\u00edvel neutro de 50 pontos, o que indica que, para a maior parte dos entrevistados, a economia piorou ao longo dos \u00faltimos seis meses. Esse indicador avalia a percep\u00e7\u00e3o do micro e pequeno empres\u00e1rio em duas dimens\u00f5es: a dos neg\u00f3cios e da economia. A avalia\u00e7\u00e3o sobre os \u00faltimos meses da economia pontuou 22,82 pontos, enquanto a avalia\u00e7\u00e3o sobre os \u00faltimos meses dos neg\u00f3cios atingiu 28,24 pontos.<\/p>\n<p>Os micro e pequenos empres\u00e1rios do varejo e servi\u00e7os melhoraram suas expectativas para os pr\u00f3ximos seis meses. Em julho, o indicador marcou 59,11 pontos, alta de 20,9% com rela\u00e7\u00e3o a julho de 2015, quando marcava 48,87. Na compara\u00e7\u00e3o mensal, as expectativas para a economia passaram de 54,78 pontos, em junho, para 56,07 pontos, em julho.<\/p>\n<p>Com essa alta, o indicador manteve-se acima da marca neutra de 50 pontos, sinalizando que a maior parte desses empres\u00e1rios espera que a economia melhore nos pr\u00f3ximos meses. O mesmo foi observado nas expectativas para os neg\u00f3cios, que atingiram 62,16 pontos, informou o SPC Brasil.<\/p>\n<p>Da Ag\u00eancia Brasil<br \/>\nEdi\u00e7\u00e3o: Kleber Sampaio<br \/>\n03\/08\/2016<\/p>\n","protected":false},"excerpt":{"rendered":"<p>O Indicador de Confian\u00e7a (IC) dos micro e pequenos empres\u00e1rios dos segmentos do varejo e de servi\u00e7os avan\u00e7ou 20,7% na compara\u00e7\u00e3o entre julho e o mesmo m\u00eas de 2015. Calculado pelo Servi\u00e7o de Prote\u00e7\u00e3o ao Cr\u00e9dito (SPC Brasil) e pela Confedera\u00e7\u00e3o Nacional de Dirigentes Lojistas (CNDL), o IC passou de 37,06 pontos para 44,72 pontos, [&hellip;]<\/p>\n","protected":false},"author":2,"featured_media":57585,"comment_status":"open","ping_status":"closed","sticky":false,"template":"","format":"standard","meta":{"_genesis_hide_title":false,"_genesis_hide_breadcrumbs":false,"_genesis_hide_singular_image":false,"_genesis_hide_footer_widgets":false,"_genesis_custom_body_class":"","_genesis_custom_post_class":"","_genesis_layout":"","_jetpack_memberships_contains_paid_content":false,"footnotes":""},"categories":[22,7],"tags":[],"class_list":{"0":"post-91924","1":"post","2":"type-post","3":"status-publish","4":"format-standard","5":"has-post-thumbnail","7":"category-brasil","8":"category-economia","9":"entry","10":"gs-1","11":"gs-odd","12":"gs-even","13":"gs-featured-content-entry"},"jetpack_featured_media_url":"https:\/\/www.redenoticia.com.br\/noticia\/imagens\/analise-economia.jpg","jetpack_sharing_enabled":true,"jetpack_likes_enabled":true,"_links":{"self":[{"href":"https:\/\/www.redenoticia.com.br\/noticia\/wp-json\/wp\/v2\/posts\/91924","targetHints":{"allow":["GET"]}}],"collection":[{"href":"https:\/\/www.redenoticia.com.br\/noticia\/wp-json\/wp\/v2\/posts"}],"about":[{"href":"https:\/\/www.redenoticia.com.br\/noticia\/wp-json\/wp\/v2\/types\/post"}],"author":[{"embeddable":true,"href":"https:\/\/www.redenoticia.com.br\/noticia\/wp-json\/wp\/v2\/users\/2"}],"replies":[{"embeddable":true,"href":"https:\/\/www.redenoticia.com.br\/noticia\/wp-json\/wp\/v2\/comments?post=91924"}],"version-history":[{"count":0,"href":"https:\/\/www.redenoticia.com.br\/noticia\/wp-json\/wp\/v2\/posts\/91924\/revisions"}],"wp:featuredmedia":[{"embeddable":true,"href":"https:\/\/www.redenoticia.com.br\/noticia\/wp-json\/wp\/v2\/media\/57585"}],"wp:attachment":[{"href":"https:\/\/www.redenoticia.com.br\/noticia\/wp-json\/wp\/v2\/media?parent=91924"}],"wp:term":[{"taxonomy":"category","embeddable":true,"href":"https:\/\/www.redenoticia.com.br\/noticia\/wp-json\/wp\/v2\/categories?post=91924"},{"taxonomy":"post_tag","embeddable":true,"href":"https:\/\/www.redenoticia.com.br\/noticia\/wp-json\/wp\/v2\/tags?post=91924"}],"curies":[{"name":"wp","href":"https:\/\/api.w.org\/{rel}","templated":true}]}}