{"id":91922,"date":"2016-08-03T06:25:14","date_gmt":"2016-08-03T09:25:14","guid":{"rendered":"http:\/\/www.redenoticia.com.br\/noticia\/?p=91922"},"modified":"2016-08-02T19:58:59","modified_gmt":"2016-08-02T22:58:59","slug":"alunos-da-fatec-piracicaba-criam-sistema-para-economizar-energia","status":"publish","type":"post","link":"https:\/\/www.redenoticia.com.br\/noticia\/2016\/alunos-da-fatec-piracicaba-criam-sistema-para-economizar-energia\/91922","title":{"rendered":"Alunos da Fatec Piracicaba criam sistema para economizar energia"},"content":{"rendered":"<p> Em tempos de crise, um dos maiores desafios para as empresas \u00e9 economizar nos gastos com a energia el\u00e9trica. Para resolver essa quest\u00e3o, poupando recursos e a vida \u00fatil dos aparelhos, al\u00e9m de reduzir os riscos \u00e0 seguran\u00e7a dos im\u00f3veis, cinco alunos do curso tecnol\u00f3gico em Gest\u00e3o Empresarial da Faculdade de Tecnologia do Estado (Fatec) Piracicaba desenvolveram um <strong><em>sistema de baixo custo que desliga a energia el\u00e9trica ao trancar a porta<\/em><\/strong>. Ao girar a chave apenas uma vez, a ilumina\u00e7\u00e3o do ambiente \u00e9 cortada. Ao dar o segundo giro, o fornecimento de energia \u00e9 totalmente interrompido.<\/p>\n<p>O projeto Apagaluz foi um dos finalistas do 3\u00ba Desafio Inova Paula Souza de Ideias e Neg\u00f3cios. A proposta do grupo era buscar uma alternativa mais barata para economizar energia. O custo estimado para instalar este sistema em uma sala com um circuito de tomadas, um de ventiladores e dois de ilumina\u00e7\u00e3o, a pre\u00e7os de varejo, \u00e9 de aproximadamente R$ 80.<\/p>\n<p>No sistema inteligente criado pelos alunos, a fechadura da porta de entrada do im\u00f3vel \u00e9 modificada para controlar o fornecimento de energia. A comunica\u00e7\u00e3o entre a fechadura e o sistema \u00e9 feito por meio de um cabo de rede.<\/p>\n<p>A professora Nilceia Santos, orientadora dos estudantes, destaca a viabilidade do Apagaluz. \u201cO projeto n\u00e3o \u00e9 caro. A casa ou o apartamento j\u00e1 podem ser constru\u00eddos com o sistema instalado. Nos im\u00f3veis j\u00e1 existentes, a adapta\u00e7\u00e3o pode custar um pouco mais porque \u00e9 necess\u00e1rio verificar as condi\u00e7\u00f5es da fia\u00e7\u00e3o, mas ainda assim \u00e9 vi\u00e1vel\u201d, afirma a professora.<\/p>\n<p>Do Portal do Governo do Estado SP<\/p>\n","protected":false},"excerpt":{"rendered":"<p>Em tempos de crise, um dos maiores desafios para as empresas \u00e9 economizar nos gastos com a energia el\u00e9trica. Para resolver essa quest\u00e3o, poupando recursos e a vida \u00fatil dos aparelhos, al\u00e9m de reduzir os riscos \u00e0 seguran\u00e7a dos im\u00f3veis, cinco alunos do curso tecnol\u00f3gico em Gest\u00e3o Empresarial da Faculdade de Tecnologia do Estado (Fatec) [&hellip;]<\/p>\n","protected":false},"author":2,"featured_media":36246,"comment_status":"open","ping_status":"closed","sticky":false,"template":"","format":"standard","meta":{"_genesis_hide_title":false,"_genesis_hide_breadcrumbs":false,"_genesis_hide_singular_image":false,"_genesis_hide_footer_widgets":false,"_genesis_custom_body_class":"","_genesis_custom_post_class":"","_genesis_layout":"","_jetpack_memberships_contains_paid_content":false,"footnotes":""},"categories":[22,7],"tags":[],"class_list":{"0":"post-91922","1":"post","2":"type-post","3":"status-publish","4":"format-standard","5":"has-post-thumbnail","7":"category-brasil","8":"category-economia","9":"entry","10":"gs-1","11":"gs-odd","12":"gs-even","13":"gs-featured-content-entry"},"jetpack_featured_media_url":"https:\/\/www.redenoticia.com.br\/noticia\/imagens\/professor-a.jpg","jetpack_sharing_enabled":true,"jetpack_likes_enabled":true,"_links":{"self":[{"href":"https:\/\/www.redenoticia.com.br\/noticia\/wp-json\/wp\/v2\/posts\/91922","targetHints":{"allow":["GET"]}}],"collection":[{"href":"https:\/\/www.redenoticia.com.br\/noticia\/wp-json\/wp\/v2\/posts"}],"about":[{"href":"https:\/\/www.redenoticia.com.br\/noticia\/wp-json\/wp\/v2\/types\/post"}],"author":[{"embeddable":true,"href":"https:\/\/www.redenoticia.com.br\/noticia\/wp-json\/wp\/v2\/users\/2"}],"replies":[{"embeddable":true,"href":"https:\/\/www.redenoticia.com.br\/noticia\/wp-json\/wp\/v2\/comments?post=91922"}],"version-history":[{"count":0,"href":"https:\/\/www.redenoticia.com.br\/noticia\/wp-json\/wp\/v2\/posts\/91922\/revisions"}],"wp:featuredmedia":[{"embeddable":true,"href":"https:\/\/www.redenoticia.com.br\/noticia\/wp-json\/wp\/v2\/media\/36246"}],"wp:attachment":[{"href":"https:\/\/www.redenoticia.com.br\/noticia\/wp-json\/wp\/v2\/media?parent=91922"}],"wp:term":[{"taxonomy":"category","embeddable":true,"href":"https:\/\/www.redenoticia.com.br\/noticia\/wp-json\/wp\/v2\/categories?post=91922"},{"taxonomy":"post_tag","embeddable":true,"href":"https:\/\/www.redenoticia.com.br\/noticia\/wp-json\/wp\/v2\/tags?post=91922"}],"curies":[{"name":"wp","href":"https:\/\/api.w.org\/{rel}","templated":true}]}}