{"id":91814,"date":"2016-08-02T06:14:51","date_gmt":"2016-08-02T09:14:51","guid":{"rendered":"http:\/\/www.redenoticia.com.br\/noticia\/?p=91814"},"modified":"2016-08-01T21:17:00","modified_gmt":"2016-08-02T00:17:00","slug":"balanca-queda-de-importacoes-e-commodities-contribuiu-para-saldo-recorde","status":"publish","type":"post","link":"https:\/\/www.redenoticia.com.br\/noticia\/2016\/balanca-queda-de-importacoes-e-commodities-contribuiu-para-saldo-recorde\/91814","title":{"rendered":"Balan\u00e7a: queda de importa\u00e7\u00f5es e commodities contribui para saldo recorde"},"content":{"rendered":"<p> O recorde no saldo da <strong><em>balan\u00e7a comercial<\/em><\/strong> de janeiro a julho deste ano ocorreu por uma combina\u00e7\u00e3o entre a queda nas importa\u00e7\u00f5es, devido \u00e0 contra\u00e7\u00e3o da economia, e a competitividade do Brasil na exporta\u00e7\u00e3o de commodities (produtos b\u00e1sicos com cota\u00e7\u00e3o internacional), cujos pre\u00e7os come\u00e7am a dar sinais de estabiliza\u00e7\u00e3o ap\u00f3s um per\u00edodo de derrocada.<\/p>\n<p>De janeiro a julho deste ano, a balan\u00e7a comercial ficou positiva em US$ 28,2 bilh\u00f5es, melhor resultado para o per\u00edodo desde 2006, ainda \u00e9poca do boom dos pre\u00e7os das commodities. O diretor de Estat\u00edstica e Apoio \u00e0 Exporta\u00e7\u00e3o do Minist\u00e9rio da Ind\u00fastria, Com\u00e9rcio Exterior e Servi\u00e7os, Herlon Brand\u00e3o, disse que a conjuntura que permitiu o super\u00e1vit atual \u00e9 diferente da que havia ent\u00e3o.<\/p>\n<p>\u201cO saldo comercial recorde de 2016 \u00e9 fruto de uma redu\u00e7\u00e3o da exporta\u00e7\u00e3o de cerca de 5,6% e redu\u00e7\u00e3o da importa\u00e7\u00e3o de 27,6% [no acumulado do ano]. As quedas t\u00eam motivos distintos. A importa\u00e7\u00e3o est\u00e1 extremamente ligada \u00e0 produ\u00e7\u00e3o nacional. Importamos principalmente insumos. J\u00e1 a queda da exporta\u00e7\u00e3o est\u00e1 ligada \u00e0 redu\u00e7\u00e3o [dos pre\u00e7os] das commodities, embora o Brasil seja muito competitivo e continue aumentado as quantidades embarcadas\u201d, explicou Brand\u00e3o.<\/p>\n<p>O super\u00e1vit hist\u00f3rico em sete meses veio ap\u00f3s o Brasil registrar recorde no saldo comercial tamb\u00e9m para o primeiro semestre. Para o ano, a equipe econ\u00f4mica projeta super\u00e1vit entre US$ 45 bilh\u00f5es e US$ 50 bilh\u00f5es. O pa\u00eds pode, portanto, superar o recorde hist\u00f3rico anual de 2006, quando houve super\u00e1vit de US$ 46,4 bilh\u00f5es.<\/p>\n<p>Commodities<\/p>\n<p>Segundo Herlon Brand\u00e3o, a queda dos pre\u00e7os das commodities est\u00e1 desacelerando e, em julho, houve invers\u00e3o do movimento para duas, a soja e o a\u00e7\u00facar bruto, cujo pre\u00e7o subiu. \u201cAinda \u00e9 incipiente, mas j\u00e1 s\u00e3o boas not\u00edcias\u201d, afirmou. Por outro lado, os volumes embarcados pelo Brasil, que vinham batendo recordes, tamb\u00e9m come\u00e7am a crescer menos.<\/p>\n<p>\u201c\u00c9 natural que uma hora isso estabilize\u201d, disse Brand\u00e3o. De janeiro a julho, os ganhos com a exporta\u00e7\u00e3o de soja em gr\u00e3o cresceram 3,8%, enquanto o volume embarcado subiu 9%. O pre\u00e7o ainda registra recuo no acumulado de sete meses, de 4,8%. No caso do min\u00e9rio de ferro, embora o volume negociado tenha subido 2,9%, o valor vendido caiu 23,8%, pela queda de 25,9% nos pre\u00e7os.<\/p>\n<p>A conta-petr\u00f3leo reduziu o d\u00e9ficit acumulado em rela\u00e7\u00e3o a 2015. As importa\u00e7\u00f5es de petr\u00f3leo e derivados superaram as exporta\u00e7\u00f5es em US$ 983 milh\u00f5es de janeiro a julho, ante um d\u00e9ficit de US$ 3,8 bilh\u00f5es no mesmo per\u00edodo do ano passado.<\/p>\n<p>Industrializados<\/p>\n<p>Os produtos industrializados tamb\u00e9m t\u00eam peso na balan\u00e7a em 2016, com destaque para autom\u00f3veis e avi\u00f5es. Os produtos b\u00e1sicos ainda respondem pela maior parte dos ganhos com as exporta\u00e7\u00f5es de janeiro a julho, o equivalente a 45,3% do total.<\/p>\n<p>No entanto, os bens industrializados v\u00eam em seguida, respondendo por 38,3% do valor exportado. Al\u00e9m disso, enquanto o valor exportado de b\u00e1sicos caiu 9,1%, o de manufaturados recuou menos, 2,3%. Entre os manufaturados exportados em julho estava uma plataforma de petr\u00f3leo, no valor de US$ 923 milh\u00f5es. J\u00e1 os produtos semimanufaturados responderam por 14,3% das vendas, que ficaram est\u00e1veis ante 2015.<\/p>\n<p>Brand\u00e3o atribuiu o bom desempenho da balan\u00e7a este ano tamb\u00e9m \u00e0 alta do d\u00f3lar.  Ele destacou que, mesmo com o recente recuo da moeda norte-americana, a estimativa do governo de super\u00e1vit comercial para o ano n\u00e3o ser\u00e1 afetada. \u201cPor enquanto, n\u00e3o temos motivos para acreditar que o patamar da taxa de c\u00e2mbio v\u00e1 influenciar no saldo comercial. As exporta\u00e7\u00f5es s\u00e3o contratadas com anteced\u00eancia. Al\u00e9m disso, a taxa de c\u00e2mbio esteve em um patamar acima do de 2015 nos primeiros sete meses do ano. O minist\u00e9rio acredita que m\u00e9dia do ano [para o c\u00e2mbio] ser\u00e1 superior \u00e0 do ano passado.\u201d<\/p>\n<p>Mariana Branco \u2013 Rep\u00f3rter da Ag\u00eancia Brasil<br \/>\nEdi\u00e7\u00e3o: N\u00e1dia Franco<br \/>\n02\/08\/2016<\/p>\n","protected":false},"excerpt":{"rendered":"<p>O recorde no saldo da balan\u00e7a comercial de janeiro a julho deste ano ocorreu por uma combina\u00e7\u00e3o entre a queda nas importa\u00e7\u00f5es, devido \u00e0 contra\u00e7\u00e3o da economia, e a competitividade do Brasil na exporta\u00e7\u00e3o de commodities (produtos b\u00e1sicos com cota\u00e7\u00e3o internacional), cujos pre\u00e7os come\u00e7am a dar sinais de estabiliza\u00e7\u00e3o ap\u00f3s um per\u00edodo de derrocada. De [&hellip;]<\/p>\n","protected":false},"author":2,"featured_media":57583,"comment_status":"open","ping_status":"closed","sticky":false,"template":"","format":"standard","meta":{"_genesis_hide_title":false,"_genesis_hide_breadcrumbs":false,"_genesis_hide_singular_image":false,"_genesis_hide_footer_widgets":false,"_genesis_custom_body_class":"","_genesis_custom_post_class":"","_genesis_layout":"","_jetpack_memberships_contains_paid_content":false,"footnotes":""},"categories":[22,7],"tags":[],"class_list":{"0":"post-91814","1":"post","2":"type-post","3":"status-publish","4":"format-standard","5":"has-post-thumbnail","7":"category-brasil","8":"category-economia","9":"entry","10":"gs-1","11":"gs-odd","12":"gs-even","13":"gs-featured-content-entry"},"jetpack_featured_media_url":"https:\/\/www.redenoticia.com.br\/noticia\/imagens\/economia-grafico.jpg","jetpack_sharing_enabled":true,"jetpack_likes_enabled":true,"_links":{"self":[{"href":"https:\/\/www.redenoticia.com.br\/noticia\/wp-json\/wp\/v2\/posts\/91814","targetHints":{"allow":["GET"]}}],"collection":[{"href":"https:\/\/www.redenoticia.com.br\/noticia\/wp-json\/wp\/v2\/posts"}],"about":[{"href":"https:\/\/www.redenoticia.com.br\/noticia\/wp-json\/wp\/v2\/types\/post"}],"author":[{"embeddable":true,"href":"https:\/\/www.redenoticia.com.br\/noticia\/wp-json\/wp\/v2\/users\/2"}],"replies":[{"embeddable":true,"href":"https:\/\/www.redenoticia.com.br\/noticia\/wp-json\/wp\/v2\/comments?post=91814"}],"version-history":[{"count":0,"href":"https:\/\/www.redenoticia.com.br\/noticia\/wp-json\/wp\/v2\/posts\/91814\/revisions"}],"wp:featuredmedia":[{"embeddable":true,"href":"https:\/\/www.redenoticia.com.br\/noticia\/wp-json\/wp\/v2\/media\/57583"}],"wp:attachment":[{"href":"https:\/\/www.redenoticia.com.br\/noticia\/wp-json\/wp\/v2\/media?parent=91814"}],"wp:term":[{"taxonomy":"category","embeddable":true,"href":"https:\/\/www.redenoticia.com.br\/noticia\/wp-json\/wp\/v2\/categories?post=91814"},{"taxonomy":"post_tag","embeddable":true,"href":"https:\/\/www.redenoticia.com.br\/noticia\/wp-json\/wp\/v2\/tags?post=91814"}],"curies":[{"name":"wp","href":"https:\/\/api.w.org\/{rel}","templated":true}]}}