{"id":91812,"date":"2016-08-02T06:13:32","date_gmt":"2016-08-02T09:13:32","guid":{"rendered":"http:\/\/www.redenoticia.com.br\/noticia\/?p=91812"},"modified":"2016-08-01T21:14:47","modified_gmt":"2016-08-02T00:14:47","slug":"faturamento-da-industria-cresce-2-em-junho-informa-cni","status":"publish","type":"post","link":"https:\/\/www.redenoticia.com.br\/noticia\/2016\/faturamento-da-industria-cresce-2-em-junho-informa-cni\/91812","title":{"rendered":"Faturamento da ind\u00fastria cresce 2% em junho, informa CNI"},"content":{"rendered":"<p> O <strong><em>faturamento da ind\u00fastria<\/em><\/strong> cresceu 2% em junho na compara\u00e7\u00e3o com maio, na s\u00e9rie livre de influ\u00eancias sazonais, informou a Confedera\u00e7\u00e3o Nacional da Ind\u00fastria (CNI). A eleva\u00e7\u00e3o ocorre ap\u00f3s tr\u00eas quedas consecutivas.<\/p>\n<p>Segundo a CNI, no mesmo per\u00edodo, as horas trabalhadas na produ\u00e7\u00e3o subiram 0,2% e o n\u00edvel de utiliza\u00e7\u00e3o da capacidade instalada teve alta de 0,3 ponto percentual, chegando a 77,4%. Os dados est\u00e3o nos Indicadores Industriais de junho da confedera\u00e7\u00e3o.<\/p>\n<p>A pesquisa indica tamb\u00e9m que o mercado de trabalho continua encolhendo. Em junho, o emprego na ind\u00fastria caiu 0,6% na compara\u00e7\u00e3o com maio, na s\u00e9rie de dados dessazonalizados. Foi a 17\u00aa queda consecutiva do indicador. Com a retra\u00e7\u00e3o do emprego, a massa real de sal\u00e1rio recuou 0,6%, e o rendimento m\u00e9dio real dos trabalhadores ficou est\u00e1vel, na compara\u00e7\u00e3o com maio, na s\u00e9rie livre de influ\u00eancias sazonais.<\/p>\n<p>Pelos dados da CNI, os resultados de junho, embora ainda n\u00e3o indiquem revers\u00e3o do ciclo recessivo, s\u00e3o positivos, mostrando pequena rea\u00e7\u00e3o da atividade industrial. Para o presidente da CNI, Robson Braga, a sa\u00edda da crise e a retomada do crescimento da ind\u00fastria e da economia dependem de a\u00e7\u00f5es e reformas que resgatem a confian\u00e7a do empresariado e criem um ambiente mais prop\u00edcio aos investimentos, \u00e0 produ\u00e7\u00e3o e \u00e0 cria\u00e7\u00e3o de empregos.<\/p>\n<p>Segundo Andrade, para o pa\u00eds voltar a crescer de forma sustentada, s\u00e3o necess\u00e1rios investimentos em infraestrutura, aumento da participa\u00e7\u00e3o brasileira nos mercados internacionais, reforma da Previd\u00eancia Social, moderniza\u00e7\u00e3o das rela\u00e7\u00f5es do trabalho e melhora na qualidade dos gastos p\u00fablicos.<\/p>\n<p>Os dados da CNI mostram tamb\u00e9m que o primeiro semestre confirma que a ind\u00fastria atravessa uma das piores crises da sua hist\u00f3ria, pois o faturamento real da ind\u00fastria , no per\u00edodo caiu 11,5% na compara\u00e7\u00e3o com o primeiro semestre de 2015.<\/p>\n<p>As horas trabalhadas na produ\u00e7\u00e3o ca\u00edram 9,6%, no per\u00edodo, o emprego recuou 9,1%, a massa real de sal\u00e1rios diminuiu 9,9% e o rendimento m\u00e9dio real dos trabalhadores encolheu 0,8%. A utiliza\u00e7\u00e3o da capacidade instalada est\u00e1 1,2 ponto percentual abaixo da registrada em junho do ano passado.<\/p>\n<p>Da Ag\u00eancia Brasil<br \/>\nEdi\u00e7\u00e3o: N\u00e1dia Franco<br \/>\n02\/08\/2016<\/p>\n","protected":false},"excerpt":{"rendered":"<p>O faturamento da ind\u00fastria cresceu 2% em junho na compara\u00e7\u00e3o com maio, na s\u00e9rie livre de influ\u00eancias sazonais, informou a Confedera\u00e7\u00e3o Nacional da Ind\u00fastria (CNI). A eleva\u00e7\u00e3o ocorre ap\u00f3s tr\u00eas quedas consecutivas. Segundo a CNI, no mesmo per\u00edodo, as horas trabalhadas na produ\u00e7\u00e3o subiram 0,2% e o n\u00edvel de utiliza\u00e7\u00e3o da capacidade instalada teve alta [&hellip;]<\/p>\n","protected":false},"author":2,"featured_media":57582,"comment_status":"open","ping_status":"closed","sticky":false,"template":"","format":"standard","meta":{"_genesis_hide_title":false,"_genesis_hide_breadcrumbs":false,"_genesis_hide_singular_image":false,"_genesis_hide_footer_widgets":false,"_genesis_custom_body_class":"","_genesis_custom_post_class":"","_genesis_layout":"","_jetpack_memberships_contains_paid_content":false,"footnotes":""},"categories":[22,7],"tags":[],"class_list":{"0":"post-91812","1":"post","2":"type-post","3":"status-publish","4":"format-standard","5":"has-post-thumbnail","7":"category-brasil","8":"category-economia","9":"entry","10":"gs-1","11":"gs-odd","12":"gs-even","13":"gs-featured-content-entry"},"jetpack_featured_media_url":"https:\/\/www.redenoticia.com.br\/noticia\/imagens\/grafico1.jpg","jetpack_sharing_enabled":true,"jetpack_likes_enabled":true,"_links":{"self":[{"href":"https:\/\/www.redenoticia.com.br\/noticia\/wp-json\/wp\/v2\/posts\/91812","targetHints":{"allow":["GET"]}}],"collection":[{"href":"https:\/\/www.redenoticia.com.br\/noticia\/wp-json\/wp\/v2\/posts"}],"about":[{"href":"https:\/\/www.redenoticia.com.br\/noticia\/wp-json\/wp\/v2\/types\/post"}],"author":[{"embeddable":true,"href":"https:\/\/www.redenoticia.com.br\/noticia\/wp-json\/wp\/v2\/users\/2"}],"replies":[{"embeddable":true,"href":"https:\/\/www.redenoticia.com.br\/noticia\/wp-json\/wp\/v2\/comments?post=91812"}],"version-history":[{"count":0,"href":"https:\/\/www.redenoticia.com.br\/noticia\/wp-json\/wp\/v2\/posts\/91812\/revisions"}],"wp:featuredmedia":[{"embeddable":true,"href":"https:\/\/www.redenoticia.com.br\/noticia\/wp-json\/wp\/v2\/media\/57582"}],"wp:attachment":[{"href":"https:\/\/www.redenoticia.com.br\/noticia\/wp-json\/wp\/v2\/media?parent=91812"}],"wp:term":[{"taxonomy":"category","embeddable":true,"href":"https:\/\/www.redenoticia.com.br\/noticia\/wp-json\/wp\/v2\/categories?post=91812"},{"taxonomy":"post_tag","embeddable":true,"href":"https:\/\/www.redenoticia.com.br\/noticia\/wp-json\/wp\/v2\/tags?post=91812"}],"curies":[{"name":"wp","href":"https:\/\/api.w.org\/{rel}","templated":true}]}}