{"id":91810,"date":"2016-08-02T06:12:24","date_gmt":"2016-08-02T09:12:24","guid":{"rendered":"http:\/\/www.redenoticia.com.br\/noticia\/?p=91810"},"modified":"2016-08-01T21:13:27","modified_gmt":"2016-08-02T00:13:27","slug":"balanca-tem-saldo-positivo-de-us-2823-bilhoes-ate-julho","status":"publish","type":"post","link":"https:\/\/www.redenoticia.com.br\/noticia\/2016\/balanca-tem-saldo-positivo-de-us-2823-bilhoes-ate-julho\/91810","title":{"rendered":"Balan\u00e7a tem saldo positivo de US$ 28,23 bilh\u00f5es at\u00e9 julho"},"content":{"rendered":"<p> A <strong><em>balan\u00e7a comercial<\/em><\/strong> brasileira acumula super\u00e1vit de US$ 28,23 bilh\u00f5es de janeiro a julho deste ano. O resultado \u00e9 o melhor para o per\u00edodo em toda a s\u00e9rie hist\u00f3rica, iniciada em 1989. Antes, o recorde era o super\u00e1vit de US$ 25,19 bilh\u00f5es registrado para o per\u00edodo de janeiro a julho de 2006.<\/p>\n<p>No m\u00eas de julho, a balan\u00e7a tamb\u00e9m ficou positiva, com super\u00e1vit de US$ 4,578 bilh\u00f5es. O resultado supera em 91,9% o saldo positivo de US$ 2,386 bilh\u00f5es apurado para o mesmo m\u00eas de 2015.<\/p>\n<p> Os dados foram divulgados pelo Minist\u00e9rio do Desenvolvimento, Ind\u00fastria e Com\u00e9rcio Exterior. A balan\u00e7a comercial tem super\u00e1vit quando as exporta\u00e7\u00f5es, vendas do Brasil para parceiros de neg\u00f3cios no exterior, superam as importa\u00e7\u00f5es, que s\u00e3o as compras feita pelo pa\u00eds no exterior.<\/p>\n<p>Exporta\u00e7\u00f5es e importa\u00e7\u00f5es<\/p>\n<p>O saldo positivo de julho resultou de US$ 16,331 bilh\u00f5es em exporta\u00e7\u00f5es e US$ 11,752 bilh\u00f5es em importa\u00e7\u00f5es. Dados do minist\u00e9rio mostram que as exporta\u00e7\u00f5es ainda est\u00e3o em queda, na compara\u00e7\u00e3o com 2015, e que as importa\u00e7\u00f5es recuam em ritmo mais acentuado.<\/p>\n<p>Apesar do crescimento do saldo comercial, o valor em vendas externas brasileiras caiu 3,5% em rela\u00e7\u00e3o a julho de 2015. Ante junho de 2016, houve alta de 2,2%. A compara\u00e7\u00e3o \u00e9 feita usando o crit\u00e9rio da m\u00e9dia di\u00e1ria, que mede o valor negociado por dia \u00fatil.<\/p>\n<p>Do lado das compras do Brasil no exterior, houve queda de 20,3% no volume di\u00e1rio negociado na compara\u00e7\u00e3o com julho de 2015. Em rela\u00e7\u00e3o a junho de 2016 a queda foi menor, de 3,6%.<\/p>\n<p>Mariana Branco \u2013 Rep\u00f3rter da Ag\u00eancia Brasil<br \/>\nEdi\u00e7\u00e3o: N\u00e1dia Franco<br \/>\n02\/08\/2016<\/p>\n","protected":false},"excerpt":{"rendered":"<p>A balan\u00e7a comercial brasileira acumula super\u00e1vit de US$ 28,23 bilh\u00f5es de janeiro a julho deste ano. O resultado \u00e9 o melhor para o per\u00edodo em toda a s\u00e9rie hist\u00f3rica, iniciada em 1989. Antes, o recorde era o super\u00e1vit de US$ 25,19 bilh\u00f5es registrado para o per\u00edodo de janeiro a julho de 2006. No m\u00eas de [&hellip;]<\/p>\n","protected":false},"author":2,"featured_media":38938,"comment_status":"open","ping_status":"closed","sticky":false,"template":"","format":"standard","meta":{"_genesis_hide_title":false,"_genesis_hide_breadcrumbs":false,"_genesis_hide_singular_image":false,"_genesis_hide_footer_widgets":false,"_genesis_custom_body_class":"","_genesis_custom_post_class":"","_genesis_layout":"","_jetpack_memberships_contains_paid_content":false,"footnotes":""},"categories":[22,7],"tags":[],"class_list":{"0":"post-91810","1":"post","2":"type-post","3":"status-publish","4":"format-standard","5":"has-post-thumbnail","7":"category-brasil","8":"category-economia","9":"entry","10":"gs-1","11":"gs-odd","12":"gs-even","13":"gs-featured-content-entry"},"jetpack_featured_media_url":"https:\/\/www.redenoticia.com.br\/noticia\/imagens\/economia1.jpg","jetpack_sharing_enabled":true,"jetpack_likes_enabled":true,"_links":{"self":[{"href":"https:\/\/www.redenoticia.com.br\/noticia\/wp-json\/wp\/v2\/posts\/91810","targetHints":{"allow":["GET"]}}],"collection":[{"href":"https:\/\/www.redenoticia.com.br\/noticia\/wp-json\/wp\/v2\/posts"}],"about":[{"href":"https:\/\/www.redenoticia.com.br\/noticia\/wp-json\/wp\/v2\/types\/post"}],"author":[{"embeddable":true,"href":"https:\/\/www.redenoticia.com.br\/noticia\/wp-json\/wp\/v2\/users\/2"}],"replies":[{"embeddable":true,"href":"https:\/\/www.redenoticia.com.br\/noticia\/wp-json\/wp\/v2\/comments?post=91810"}],"version-history":[{"count":0,"href":"https:\/\/www.redenoticia.com.br\/noticia\/wp-json\/wp\/v2\/posts\/91810\/revisions"}],"wp:featuredmedia":[{"embeddable":true,"href":"https:\/\/www.redenoticia.com.br\/noticia\/wp-json\/wp\/v2\/media\/38938"}],"wp:attachment":[{"href":"https:\/\/www.redenoticia.com.br\/noticia\/wp-json\/wp\/v2\/media?parent=91810"}],"wp:term":[{"taxonomy":"category","embeddable":true,"href":"https:\/\/www.redenoticia.com.br\/noticia\/wp-json\/wp\/v2\/categories?post=91810"},{"taxonomy":"post_tag","embeddable":true,"href":"https:\/\/www.redenoticia.com.br\/noticia\/wp-json\/wp\/v2\/tags?post=91810"}],"curies":[{"name":"wp","href":"https:\/\/api.w.org\/{rel}","templated":true}]}}