{"id":91673,"date":"2016-08-01T06:23:12","date_gmt":"2016-08-01T09:23:12","guid":{"rendered":"http:\/\/www.redenoticia.com.br\/noticia\/?p=91673"},"modified":"2016-07-30T15:25:03","modified_gmt":"2016-07-30T18:25:03","slug":"trabalhador-perde-42-do-poder-de-compra-em-um-ano-diz-ibge","status":"publish","type":"post","link":"https:\/\/www.redenoticia.com.br\/noticia\/2016\/trabalhador-perde-42-do-poder-de-compra-em-um-ano-diz-ibge\/91673","title":{"rendered":"Trabalhador perde 4,2% do poder de compra em um ano, diz IBGE"},"content":{"rendered":"<p> O <strong><em>rendimento m\u00e9dio real<\/em><\/strong> habitual do trabalhador brasileiro caiu 4,2% no segundo trimestre deste ano, na compara\u00e7\u00e3o com o mesmo per\u00edodo do ano passado. Segundo dados da Pesquisa Nacional de Amostra por Domic\u00edlios (Pnad), divulgados pelo Instituto Brasileiro de Geografia e Estat\u00edstica (IBGE), o rendimento ficou em R$ 1.972 no trimestre encerrado em junho deste ano.<\/p>\n<p>Em junho do ano passado, o valor era equivalente a R$ 2.058 hoje (valor corrigido pelo \u00cdndice Nacional de Pre\u00e7os ao Consumidor, o INPC). O valor tamb\u00e9m \u00e9 1,5% inferior ao registrado no trimestre encerrado em mar\u00e7o deste ano (R$ 2.002, tamb\u00e9m corrigidos pela infla\u00e7\u00e3o).<\/p>\n<p>Na compara\u00e7\u00e3o com mar\u00e7o, o rendimento m\u00e9dio caiu apenas em um dos dez grupamentos de atividades: informa\u00e7\u00e3o, comunica\u00e7\u00e3o e atividades financeiras, imobili\u00e1rias, profissionais e administrativas (-5,3%). Nos demais, ficou est\u00e1vel.<\/p>\n<p>Na compara\u00e7\u00e3o com junho de 2015, seis grupamentos de atividades ficaram est\u00e1veis, enquanto quatro tiveram queda do rendimento: agricultura, pecu\u00e1ria, produ\u00e7\u00e3o florestal, pesca e aquicultura (-5,9%), ind\u00fastria geral (-5,3%), com\u00e9rcio, repara\u00e7\u00e3o de ve\u00edculos automotores e motocicletas (-3,8%) e outros servi\u00e7os (-7,6%).<\/p>\n<p>A massa de rendimento real, que \u00e9 a soma dos rendimentos de todos os trabalhadores, foi estimada em R$ 183,6 bilh\u00f5es no trimestre encerrado em junho deste ano, representando quedas de 1,1% em rela\u00e7\u00e3o a mar\u00e7o deste ano e de 4,9% na compara\u00e7\u00e3o com junho de 2015.<\/p>\n<p>Vitor Abdala \u2013 Rep\u00f3rter da Ag\u00eancia Brasil<br \/>\nEdi\u00e7\u00e3o: Maria Claudia<br \/>\n01\/08\/2016<\/p>\n","protected":false},"excerpt":{"rendered":"<p>O rendimento m\u00e9dio real habitual do trabalhador brasileiro caiu 4,2% no segundo trimestre deste ano, na compara\u00e7\u00e3o com o mesmo per\u00edodo do ano passado. Segundo dados da Pesquisa Nacional de Amostra por Domic\u00edlios (Pnad), divulgados pelo Instituto Brasileiro de Geografia e Estat\u00edstica (IBGE), o rendimento ficou em R$ 1.972 no trimestre encerrado em junho deste [&hellip;]<\/p>\n","protected":false},"author":2,"featured_media":57583,"comment_status":"open","ping_status":"closed","sticky":false,"template":"","format":"standard","meta":{"_genesis_hide_title":false,"_genesis_hide_breadcrumbs":false,"_genesis_hide_singular_image":false,"_genesis_hide_footer_widgets":false,"_genesis_custom_body_class":"","_genesis_custom_post_class":"","_genesis_layout":"","_jetpack_memberships_contains_paid_content":false,"footnotes":""},"categories":[22,7],"tags":[],"class_list":{"0":"post-91673","1":"post","2":"type-post","3":"status-publish","4":"format-standard","5":"has-post-thumbnail","7":"category-brasil","8":"category-economia","9":"entry","10":"gs-1","11":"gs-odd","12":"gs-even","13":"gs-featured-content-entry"},"jetpack_featured_media_url":"https:\/\/www.redenoticia.com.br\/noticia\/imagens\/economia-grafico.jpg","jetpack_sharing_enabled":true,"jetpack_likes_enabled":true,"_links":{"self":[{"href":"https:\/\/www.redenoticia.com.br\/noticia\/wp-json\/wp\/v2\/posts\/91673","targetHints":{"allow":["GET"]}}],"collection":[{"href":"https:\/\/www.redenoticia.com.br\/noticia\/wp-json\/wp\/v2\/posts"}],"about":[{"href":"https:\/\/www.redenoticia.com.br\/noticia\/wp-json\/wp\/v2\/types\/post"}],"author":[{"embeddable":true,"href":"https:\/\/www.redenoticia.com.br\/noticia\/wp-json\/wp\/v2\/users\/2"}],"replies":[{"embeddable":true,"href":"https:\/\/www.redenoticia.com.br\/noticia\/wp-json\/wp\/v2\/comments?post=91673"}],"version-history":[{"count":0,"href":"https:\/\/www.redenoticia.com.br\/noticia\/wp-json\/wp\/v2\/posts\/91673\/revisions"}],"wp:featuredmedia":[{"embeddable":true,"href":"https:\/\/www.redenoticia.com.br\/noticia\/wp-json\/wp\/v2\/media\/57583"}],"wp:attachment":[{"href":"https:\/\/www.redenoticia.com.br\/noticia\/wp-json\/wp\/v2\/media?parent=91673"}],"wp:term":[{"taxonomy":"category","embeddable":true,"href":"https:\/\/www.redenoticia.com.br\/noticia\/wp-json\/wp\/v2\/categories?post=91673"},{"taxonomy":"post_tag","embeddable":true,"href":"https:\/\/www.redenoticia.com.br\/noticia\/wp-json\/wp\/v2\/tags?post=91673"}],"curies":[{"name":"wp","href":"https:\/\/api.w.org\/{rel}","templated":true}]}}