{"id":91670,"date":"2016-08-01T06:20:45","date_gmt":"2016-08-01T09:20:45","guid":{"rendered":"http:\/\/www.redenoticia.com.br\/noticia\/?p=91670"},"modified":"2016-07-30T15:23:03","modified_gmt":"2016-07-30T18:23:03","slug":"inflacao-na-saida-das-fabricas-e-de-052-em-junho-diz-pesquisa-do-ibge","status":"publish","type":"post","link":"https:\/\/www.redenoticia.com.br\/noticia\/2016\/inflacao-na-saida-das-fabricas-e-de-052-em-junho-diz-pesquisa-do-ibge\/91670","title":{"rendered":"Infla\u00e7\u00e3o na sa\u00edda das f\u00e1bricas \u00e9 de 0,52% em junho, diz pesquisa do IBGE"},"content":{"rendered":"<p> O <strong><em>pre\u00e7o dos produtos na sa\u00edda das f\u00e1bricas<\/em><\/strong> brasileiras subiu 0,52% em junho. A taxa \u00e9 menor que a de maio (0,90%), por\u00e9m, maior que a de junho de 2015 (0,47%). As varia\u00e7\u00f5es s\u00e3o medidas pelo \u00cdndice de Pre\u00e7os ao Produtor (IPP), do Instituto Brasileiro de Geografia e Estat\u00edstica (IBGE).<\/p>\n<p>O IPP acumula defla\u00e7\u00e3o (queda de pre\u00e7os) de 0,08% no ano. Em 12 meses, a taxa de infla\u00e7\u00e3o acumulada chega a 5,67%, segundo o IBGE.<\/p>\n<p>Entre as grandes categorias econ\u00f4micas da ind\u00fastria, a maior infla\u00e7\u00e3o, em junho, foi observada nos bens intermedi\u00e1rios, isto \u00e9, os insumos industrializados para o setor produtivo (0,74%), seguidos pelos bens de consumo semi e n\u00e3o dur\u00e1veis (0,60%) e pelos bens de consumo dur\u00e1veis (0,13%) e bens intermedi\u00e1rios (0,11%). Os bens de capital, isto \u00e9, as m\u00e1quinas e os equipamentos, tiveram defla\u00e7\u00e3o de 0,70%.<\/p>\n<p>Onze das 25 atividades industriais pesquisadas acusaram alta de pre\u00e7os em junho, com destaque para alimentos (2,71%) e refino de petr\u00f3leo e \u00e1lcool (1,61%). Uma atividade manteve pre\u00e7os est\u00e1veis: inform\u00e1tica. Trezes atividades tiveram defla\u00e7\u00e3o, com destaque para outros equipamentos de transporte (-2,29%) e ind\u00fastrias extrativas (-1,72%).<\/p>\n<p>Vitor Abdala \u2013 Rep\u00f3rter da Ag\u00eancia Brasil<br \/>\nEdi\u00e7\u00e3o: Kleber Sampaio<br \/>\n01\/08\/2016<\/p>\n","protected":false},"excerpt":{"rendered":"<p>O pre\u00e7o dos produtos na sa\u00edda das f\u00e1bricas brasileiras subiu 0,52% em junho. A taxa \u00e9 menor que a de maio (0,90%), por\u00e9m, maior que a de junho de 2015 (0,47%). As varia\u00e7\u00f5es s\u00e3o medidas pelo \u00cdndice de Pre\u00e7os ao Produtor (IPP), do Instituto Brasileiro de Geografia e Estat\u00edstica (IBGE). O IPP acumula defla\u00e7\u00e3o (queda [&hellip;]<\/p>\n","protected":false},"author":2,"featured_media":34916,"comment_status":"open","ping_status":"closed","sticky":false,"template":"","format":"standard","meta":{"_genesis_hide_title":false,"_genesis_hide_breadcrumbs":false,"_genesis_hide_singular_image":false,"_genesis_hide_footer_widgets":false,"_genesis_custom_body_class":"","_genesis_custom_post_class":"","_genesis_layout":"","_jetpack_memberships_contains_paid_content":false,"footnotes":""},"categories":[22,7],"tags":[],"class_list":{"0":"post-91670","1":"post","2":"type-post","3":"status-publish","4":"format-standard","5":"has-post-thumbnail","7":"category-brasil","8":"category-economia","9":"entry","10":"gs-1","11":"gs-odd","12":"gs-even","13":"gs-featured-content-entry"},"jetpack_featured_media_url":"https:\/\/www.redenoticia.com.br\/noticia\/imagens\/inflacao.jpg","jetpack_sharing_enabled":true,"jetpack_likes_enabled":true,"_links":{"self":[{"href":"https:\/\/www.redenoticia.com.br\/noticia\/wp-json\/wp\/v2\/posts\/91670","targetHints":{"allow":["GET"]}}],"collection":[{"href":"https:\/\/www.redenoticia.com.br\/noticia\/wp-json\/wp\/v2\/posts"}],"about":[{"href":"https:\/\/www.redenoticia.com.br\/noticia\/wp-json\/wp\/v2\/types\/post"}],"author":[{"embeddable":true,"href":"https:\/\/www.redenoticia.com.br\/noticia\/wp-json\/wp\/v2\/users\/2"}],"replies":[{"embeddable":true,"href":"https:\/\/www.redenoticia.com.br\/noticia\/wp-json\/wp\/v2\/comments?post=91670"}],"version-history":[{"count":0,"href":"https:\/\/www.redenoticia.com.br\/noticia\/wp-json\/wp\/v2\/posts\/91670\/revisions"}],"wp:featuredmedia":[{"embeddable":true,"href":"https:\/\/www.redenoticia.com.br\/noticia\/wp-json\/wp\/v2\/media\/34916"}],"wp:attachment":[{"href":"https:\/\/www.redenoticia.com.br\/noticia\/wp-json\/wp\/v2\/media?parent=91670"}],"wp:term":[{"taxonomy":"category","embeddable":true,"href":"https:\/\/www.redenoticia.com.br\/noticia\/wp-json\/wp\/v2\/categories?post=91670"},{"taxonomy":"post_tag","embeddable":true,"href":"https:\/\/www.redenoticia.com.br\/noticia\/wp-json\/wp\/v2\/tags?post=91670"}],"curies":[{"name":"wp","href":"https:\/\/api.w.org\/{rel}","templated":true}]}}