{"id":91666,"date":"2016-08-01T06:17:52","date_gmt":"2016-08-01T09:17:52","guid":{"rendered":"http:\/\/www.redenoticia.com.br\/noticia\/?p=91666"},"modified":"2016-07-30T15:20:37","modified_gmt":"2016-07-30T18:20:37","slug":"contas-publicas-tem-deficit-recorde-em-junho-e-no-primeiro-semestre","status":"publish","type":"post","link":"https:\/\/www.redenoticia.com.br\/noticia\/2016\/contas-publicas-tem-deficit-recorde-em-junho-e-no-primeiro-semestre\/91666","title":{"rendered":"Contas p\u00fablicas t\u00eam d\u00e9ficit recorde em junho e no primeiro semestre"},"content":{"rendered":"<p> O setor p\u00fablico consolidado formado por Uni\u00e3o, estados e munic\u00edpios, registrou <strong><em>d\u00e9ficit prim\u00e1rio<\/em><\/strong> \u2013 receitas menos despesas, sem considerar os gastos com juros \u2013 de R$ 10,061 bilh\u00f5es, em junho, informou o Banco Central (BC). Esse foi o pior resultado para o m\u00eas na s\u00e9rie hist\u00f3rica, iniciada em dezembro de 2001. O resultado do m\u00eas passou superou o d\u00e9ficit de R$ 9,323 bilh\u00f5es registrados em junho de 2015.<\/p>\n<p>No primeiro semestre, o resultado negativo chegou a R$ 23,776 bilh\u00f5es, tamb\u00e9m o pior resultado para o per\u00edodo. No primeiro semestre de 2015, houve super\u00e1vit prim\u00e1rio de R$ 16,224 bilh\u00f5es.<\/p>\n<p>Em 12 meses encerrados em junho, o d\u00e9ficit prim\u00e1rio ficou em R$ 151,249 bilh\u00f5es, o que corresponde a 2,51% do Produto Interno Bruto (PIB), soma de todos os bens e servi\u00e7os produzidos no pa\u00eds.<\/p>\n<p> Em junho deste ano, o Governo Central (Previd\u00eancia, Banco Central e Tesouro Nacional) registrou d\u00e9ficit prim\u00e1rio de R$ 10,451 bilh\u00f5es. Os governos estaduais apresentaram d\u00e9ficit prim\u00e1rio de R$ 181 milh\u00f5es, e os municipais, super\u00e1vit de R$ 279 milh\u00f5es. As empresas estatais federais, estaduais e municipais, exclu\u00eddas empresas dos grupos Petrobras e Eletrobras, registraram super\u00e1vit prim\u00e1rio de R$ 291 milh\u00f5es, no m\u00eas passado.<\/p>\n<p>A meta fiscal prev\u00ea um d\u00e9ficit prim\u00e1rio de at\u00e9 R$ 163,9 bilh\u00f5es nas contas p\u00fablicas para este ano. Para chegar a esse resultado do setor p\u00fablico consolidado, a expectativa \u00e9 que o Governo Federal apresente d\u00e9ficit prim\u00e1rio de R$ 170,496 bilh\u00f5es e estados e munic\u00edpios, um super\u00e1vit de R$ 6,554 bilh\u00f5es.<\/p>\n<p>Em junho, os gastos com juros nominais ficaram em R$ 22,113 bilh\u00f5es, contra R$ 26,933 bilh\u00f5es em igual m\u00eas de 2015. No primeiro semestre, os gastos chegaram a R$ 173,312 bilh\u00f5es. Em 12 meses, encerrados em junho, as despesas com juros ficaram em R$ 449,228 bilh\u00f5es, o que corresponde a 7,45% do PIB.<\/p>\n<p>O d\u00e9ficit nominal, formado pelo resultado prim\u00e1rio e os resultados de juros, ficou em R$ 32,174 bilh\u00f5es, no m\u00eas passado, ante R$ 36,256 bilh\u00f5es registrados em junho de 2015. No primeiro semestre, o resultado negativo ficou em R$ 197,087 bilh\u00f5es, contra R$ 209,646 bilh\u00f5es em igual per\u00edodo de 2015. Em 12 meses, encerrados em junho, o d\u00e9ficit nominal ficou em R$ 600,476 bilh\u00f5es, o que corresponde a 9,96% do PIB.<\/p>\n<p>A d\u00edvida l\u00edquida do setor p\u00fablico (balan\u00e7o entre o total de cr\u00e9ditos e d\u00e9bitos dos governos federal, estaduais e municipais) chegou a R$ 2,529 trilh\u00f5es, em junho, o que corresponde a 42% do PIB, alta de 2,3 pontos percentuais em rela\u00e7\u00e3o a maio. A d\u00edvida bruta, que contabiliza apenas os passivos dos governos federal, estaduais e municipais, chegou a R$ 4,130 trilh\u00f5es ou 68,5% do PIB, praticamente est\u00e1vel em rela\u00e7\u00e3o a maio (68,6% do PIB).<\/p>\n<p>Kelly Oliveira \u2013 Rep\u00f3rter da Ag\u00eancia Brasil<br \/>\nEdi\u00e7\u00e3o: Maria Claudia<br \/>\n01\/08\/2016<\/p>\n","protected":false},"excerpt":{"rendered":"<p>O setor p\u00fablico consolidado formado por Uni\u00e3o, estados e munic\u00edpios, registrou d\u00e9ficit prim\u00e1rio \u2013 receitas menos despesas, sem considerar os gastos com juros \u2013 de R$ 10,061 bilh\u00f5es, em junho, informou o Banco Central (BC). Esse foi o pior resultado para o m\u00eas na s\u00e9rie hist\u00f3rica, iniciada em dezembro de 2001. O resultado do m\u00eas [&hellip;]<\/p>\n","protected":false},"author":2,"featured_media":57585,"comment_status":"open","ping_status":"closed","sticky":false,"template":"","format":"standard","meta":{"_genesis_hide_title":false,"_genesis_hide_breadcrumbs":false,"_genesis_hide_singular_image":false,"_genesis_hide_footer_widgets":false,"_genesis_custom_body_class":"","_genesis_custom_post_class":"","_genesis_layout":"","_jetpack_memberships_contains_paid_content":false,"footnotes":""},"categories":[22,7],"tags":[],"class_list":{"0":"post-91666","1":"post","2":"type-post","3":"status-publish","4":"format-standard","5":"has-post-thumbnail","7":"category-brasil","8":"category-economia","9":"entry","10":"gs-1","11":"gs-odd","12":"gs-even","13":"gs-featured-content-entry"},"jetpack_featured_media_url":"https:\/\/www.redenoticia.com.br\/noticia\/imagens\/analise-economia.jpg","jetpack_sharing_enabled":true,"jetpack_likes_enabled":true,"_links":{"self":[{"href":"https:\/\/www.redenoticia.com.br\/noticia\/wp-json\/wp\/v2\/posts\/91666","targetHints":{"allow":["GET"]}}],"collection":[{"href":"https:\/\/www.redenoticia.com.br\/noticia\/wp-json\/wp\/v2\/posts"}],"about":[{"href":"https:\/\/www.redenoticia.com.br\/noticia\/wp-json\/wp\/v2\/types\/post"}],"author":[{"embeddable":true,"href":"https:\/\/www.redenoticia.com.br\/noticia\/wp-json\/wp\/v2\/users\/2"}],"replies":[{"embeddable":true,"href":"https:\/\/www.redenoticia.com.br\/noticia\/wp-json\/wp\/v2\/comments?post=91666"}],"version-history":[{"count":0,"href":"https:\/\/www.redenoticia.com.br\/noticia\/wp-json\/wp\/v2\/posts\/91666\/revisions"}],"wp:featuredmedia":[{"embeddable":true,"href":"https:\/\/www.redenoticia.com.br\/noticia\/wp-json\/wp\/v2\/media\/57585"}],"wp:attachment":[{"href":"https:\/\/www.redenoticia.com.br\/noticia\/wp-json\/wp\/v2\/media?parent=91666"}],"wp:term":[{"taxonomy":"category","embeddable":true,"href":"https:\/\/www.redenoticia.com.br\/noticia\/wp-json\/wp\/v2\/categories?post=91666"},{"taxonomy":"post_tag","embeddable":true,"href":"https:\/\/www.redenoticia.com.br\/noticia\/wp-json\/wp\/v2\/tags?post=91666"}],"curies":[{"name":"wp","href":"https:\/\/api.w.org\/{rel}","templated":true}]}}