{"id":91663,"date":"2016-08-01T06:16:44","date_gmt":"2016-08-01T09:16:44","guid":{"rendered":"http:\/\/www.redenoticia.com.br\/noticia\/?p=91663"},"modified":"2016-07-30T15:17:48","modified_gmt":"2016-07-30T18:17:48","slug":"receita-federal-oferece-guia-para-viajantes-em-seis-idiomas","status":"publish","type":"post","link":"https:\/\/www.redenoticia.com.br\/noticia\/2016\/receita-federal-oferece-guia-para-viajantes-em-seis-idiomas\/91663","title":{"rendered":"Receita Federal oferece guia para viajantes em seis idiomas"},"content":{"rendered":"<p> O , da <strong><em>Receita Federal<\/em><\/strong>, passa a ser publicado em seis diferentes idiomas. As informa\u00e7\u00f5es est\u00e3o agora dispon\u00edveis em portugu\u00eas, ingl\u00eas, espanhol, italiano, alem\u00e3o e franc\u00eas. As novas vers\u00f5es contam tamb\u00e9m com o guia r\u00e1pido para o viajante saber o que pode trazer para o pa\u00eds, o que deve ser declarado e o que \u00e9 proibido.<\/p>\n<p>O guia traz ainda esclarecimentos sobre quantidades, situa\u00e7\u00f5es sujeitas a san\u00e7\u00f5es administrativas e penais, e um passo a passo de como se deve proceder para informar bens e valores na  , que \u00e9 o documento digital que o passageiro disp\u00f5e para cumprir com as obriga\u00e7\u00f5es seja na sa\u00edda ou na entrada no pa\u00eds.<\/p>\n<p>A declara\u00e7\u00e3o est\u00e1 dispon\u00edvel no site da Receita Federal na internet, podendo ser preenchida, inclusive, por tablets e  , ou nos terminais de autoatendimento nos pontos de entrada no pa\u00eds, que disp\u00f5em do servi\u00e7o.<\/p>\n<p>Daniel Lima &#8211; Rep\u00f3rter da Ag\u00eancia Brasil<br \/>\nEdi\u00e7\u00e3o: Fernando Fraga<br \/>\n01\/08\/2016<br \/>\n&#8212;<br \/>\nA Empresa Brasil de Comunica\u00e7\u00e3o \u00e9 uma institui\u00e7\u00e3o da democracia brasileira: p\u00fablica, inclusiva e cidad\u00e3.  Criada em 2007 para fortalecer o sistema p\u00fablico de comunica\u00e7\u00e3o, \u00e9 gestora dos canais TV Brasil, TV Brasil Internacional, Ag\u00eancia Brasil, Radioag\u00eancia Nacional e do sistema p\u00fablico de R\u00e1dio \u2013 composto por oito emissoras. Estes, por sua independ\u00eancia editorial, distinguem-se dos canais estatais ou governamentais, com conte\u00fados diferenciados e complementares aos canais privados. Os ve\u00edculos da EBC t\u00eam autonomia para definir produ\u00e7\u00e3o, programa\u00e7\u00e3o e distribui\u00e7\u00e3o de conte\u00fados.<\/p>\n","protected":false},"excerpt":{"rendered":"<p>O , da Receita Federal, passa a ser publicado em seis diferentes idiomas. As informa\u00e7\u00f5es est\u00e3o agora dispon\u00edveis em portugu\u00eas, ingl\u00eas, espanhol, italiano, alem\u00e3o e franc\u00eas. As novas vers\u00f5es contam tamb\u00e9m com o guia r\u00e1pido para o viajante saber o que pode trazer para o pa\u00eds, o que deve ser declarado e o que \u00e9 [&hellip;]<\/p>\n","protected":false},"author":2,"featured_media":23889,"comment_status":"open","ping_status":"closed","sticky":false,"template":"","format":"standard","meta":{"_genesis_hide_title":false,"_genesis_hide_breadcrumbs":false,"_genesis_hide_singular_image":false,"_genesis_hide_footer_widgets":false,"_genesis_custom_body_class":"","_genesis_custom_post_class":"","_genesis_layout":"","_jetpack_memberships_contains_paid_content":false,"footnotes":""},"categories":[22],"tags":[],"class_list":{"0":"post-91663","1":"post","2":"type-post","3":"status-publish","4":"format-standard","5":"has-post-thumbnail","7":"category-brasil","8":"entry","9":"gs-1","10":"gs-odd","11":"gs-even","12":"gs-featured-content-entry"},"jetpack_featured_media_url":"https:\/\/www.redenoticia.com.br\/noticia\/imagens\/receita-federal-irpf-2010.jpg","jetpack_sharing_enabled":true,"jetpack_likes_enabled":true,"_links":{"self":[{"href":"https:\/\/www.redenoticia.com.br\/noticia\/wp-json\/wp\/v2\/posts\/91663","targetHints":{"allow":["GET"]}}],"collection":[{"href":"https:\/\/www.redenoticia.com.br\/noticia\/wp-json\/wp\/v2\/posts"}],"about":[{"href":"https:\/\/www.redenoticia.com.br\/noticia\/wp-json\/wp\/v2\/types\/post"}],"author":[{"embeddable":true,"href":"https:\/\/www.redenoticia.com.br\/noticia\/wp-json\/wp\/v2\/users\/2"}],"replies":[{"embeddable":true,"href":"https:\/\/www.redenoticia.com.br\/noticia\/wp-json\/wp\/v2\/comments?post=91663"}],"version-history":[{"count":0,"href":"https:\/\/www.redenoticia.com.br\/noticia\/wp-json\/wp\/v2\/posts\/91663\/revisions"}],"wp:featuredmedia":[{"embeddable":true,"href":"https:\/\/www.redenoticia.com.br\/noticia\/wp-json\/wp\/v2\/media\/23889"}],"wp:attachment":[{"href":"https:\/\/www.redenoticia.com.br\/noticia\/wp-json\/wp\/v2\/media?parent=91663"}],"wp:term":[{"taxonomy":"category","embeddable":true,"href":"https:\/\/www.redenoticia.com.br\/noticia\/wp-json\/wp\/v2\/categories?post=91663"},{"taxonomy":"post_tag","embeddable":true,"href":"https:\/\/www.redenoticia.com.br\/noticia\/wp-json\/wp\/v2\/tags?post=91663"}],"curies":[{"name":"wp","href":"https:\/\/api.w.org\/{rel}","templated":true}]}}