{"id":91655,"date":"2016-08-01T06:12:50","date_gmt":"2016-08-01T09:12:50","guid":{"rendered":"http:\/\/www.redenoticia.com.br\/noticia\/?p=91655"},"modified":"2016-07-30T15:14:15","modified_gmt":"2016-07-30T18:14:15","slug":"university-of-cape-town-busca-parceria-com-pesquisadores-em-sao-paulo","status":"publish","type":"post","link":"https:\/\/www.redenoticia.com.br\/noticia\/2016\/university-of-cape-town-busca-parceria-com-pesquisadores-em-sao-paulo\/91655","title":{"rendered":"University of Cape Town busca parceria com pesquisadores em S\u00e3o Paulo"},"content":{"rendered":"<p> Ag\u00eancia FAPESP \u2013 Representantes da University of Cape Town (UCT), da Cidade do Cabo, na \u00c1frica do Sul, estiveram na FAPESP com o objetivo de definir os termos para lan\u00e7amento futuro de uma chamada conjunta de propostas para a realiza\u00e7\u00e3o de <strong><em>pesquisas em parceria<\/em><\/strong> entre a universidade sul-africana e institui\u00e7\u00f5es de ensino superior e pesquisa no Estado de S\u00e3o Paulo.<\/p>\n<p>Max Price, vice-reitor, Danie Visser, vice-reitor de pesquisa e internacionaliza\u00e7\u00e3o, e Carolyn Newton, gerente de internacionaliza\u00e7\u00e3o e visibilidade da UCT, foram recebidos na FAPESP por Jos\u00e9 Goldemberg, presidente da Funda\u00e7\u00e3o, Eduardo Moacyr Krieger, vice-presidente, Carlos Henrique de Brito Cruz, diretor cient\u00edfico, e Carlos Eduardo Lins da Silva, assessor especial em Comunica\u00e7\u00e3o.<\/p>\n<p>Para Jos\u00e9 Goldemberg, as similaridades culturais entre o Brasil e a \u00c1frica do Sul s\u00e3o grandes, e envolvem a capacidade de pesquisa entre suas universidades. \u201cSomos pa\u00edses que se constru\u00edram com base em uma tradi\u00e7\u00e3o local somada aos imigrantes de v\u00e1rias partes do mundo. Isso nos d\u00e1 uma similaridade interessante sob diversos aspectos, inclusive culturais, nos quais se insere nossa capacidade de trabalho conjunto, que se refletir\u00e1 tamb\u00e9m no campo da pesquisa\u201d, disse.<\/p>\n<p>Max Price sublinhou que a UCT tem excel\u00eancia em \u00e1reas como Mudan\u00e7as Clim\u00e1ticas, Astronomia, Recursos Naturais e Ci\u00eancias do Mar. \u201cAs pesquisas em conjunto nos ajudar\u00e3o a somar esfor\u00e7os tanto para o desenvolvimento quanto para a transfer\u00eancia de tecnologias\u201d, ressaltou.<\/p>\n<p>Al\u00e9m da UCT, a FAPESP mant\u00e9m outros dois acordos de coopera\u00e7\u00e3o para a pesquisa com institui\u00e7\u00f5es sul-africanas. Com a Stellenbosch University, que j\u00e1 teve um chamada em 2014 como parte do SPRINT \u2013 S\u00e3o Paulo Researchers in International Collaboration, e com a National Research Foundation (NRF), com o objetivo de implementar coopera\u00e7\u00e3o cient\u00edfica e tecnol\u00f3gica entre pesquisadores dos dois lados do Atl\u00e2ntico.<\/p>\n","protected":false},"excerpt":{"rendered":"<p>Ag\u00eancia FAPESP \u2013 Representantes da University of Cape Town (UCT), da Cidade do Cabo, na \u00c1frica do Sul, estiveram na FAPESP com o objetivo de definir os termos para lan\u00e7amento futuro de uma chamada conjunta de propostas para a realiza\u00e7\u00e3o de pesquisas em parceria entre a universidade sul-africana e institui\u00e7\u00f5es de ensino superior e pesquisa [&hellip;]<\/p>\n","protected":false},"author":2,"featured_media":36246,"comment_status":"open","ping_status":"closed","sticky":false,"template":"","format":"standard","meta":{"_genesis_hide_title":false,"_genesis_hide_breadcrumbs":false,"_genesis_hide_singular_image":false,"_genesis_hide_footer_widgets":false,"_genesis_custom_body_class":"","_genesis_custom_post_class":"","_genesis_layout":"","_jetpack_memberships_contains_paid_content":false,"footnotes":""},"categories":[22],"tags":[],"class_list":{"0":"post-91655","1":"post","2":"type-post","3":"status-publish","4":"format-standard","5":"has-post-thumbnail","7":"category-brasil","8":"entry","9":"gs-1","10":"gs-odd","11":"gs-even","12":"gs-featured-content-entry"},"jetpack_featured_media_url":"https:\/\/www.redenoticia.com.br\/noticia\/imagens\/professor-a.jpg","jetpack_sharing_enabled":true,"jetpack_likes_enabled":true,"_links":{"self":[{"href":"https:\/\/www.redenoticia.com.br\/noticia\/wp-json\/wp\/v2\/posts\/91655","targetHints":{"allow":["GET"]}}],"collection":[{"href":"https:\/\/www.redenoticia.com.br\/noticia\/wp-json\/wp\/v2\/posts"}],"about":[{"href":"https:\/\/www.redenoticia.com.br\/noticia\/wp-json\/wp\/v2\/types\/post"}],"author":[{"embeddable":true,"href":"https:\/\/www.redenoticia.com.br\/noticia\/wp-json\/wp\/v2\/users\/2"}],"replies":[{"embeddable":true,"href":"https:\/\/www.redenoticia.com.br\/noticia\/wp-json\/wp\/v2\/comments?post=91655"}],"version-history":[{"count":0,"href":"https:\/\/www.redenoticia.com.br\/noticia\/wp-json\/wp\/v2\/posts\/91655\/revisions"}],"wp:featuredmedia":[{"embeddable":true,"href":"https:\/\/www.redenoticia.com.br\/noticia\/wp-json\/wp\/v2\/media\/36246"}],"wp:attachment":[{"href":"https:\/\/www.redenoticia.com.br\/noticia\/wp-json\/wp\/v2\/media?parent=91655"}],"wp:term":[{"taxonomy":"category","embeddable":true,"href":"https:\/\/www.redenoticia.com.br\/noticia\/wp-json\/wp\/v2\/categories?post=91655"},{"taxonomy":"post_tag","embeddable":true,"href":"https:\/\/www.redenoticia.com.br\/noticia\/wp-json\/wp\/v2\/tags?post=91655"}],"curies":[{"name":"wp","href":"https:\/\/api.w.org\/{rel}","templated":true}]}}