{"id":91557,"date":"2016-07-29T06:39:36","date_gmt":"2016-07-29T09:39:36","guid":{"rendered":"http:\/\/www.redenoticia.com.br\/noticia\/?p=91557"},"modified":"2016-07-28T20:41:23","modified_gmt":"2016-07-28T23:41:23","slug":"governo-central-registra-maior-deficit-primario-da-historia-no-primeiro-semestre","status":"publish","type":"post","link":"https:\/\/www.redenoticia.com.br\/noticia\/2016\/governo-central-registra-maior-deficit-primario-da-historia-no-primeiro-semestre\/91557","title":{"rendered":"Governo Central registra maior d\u00e9ficit prim\u00e1rio da hist\u00f3ria no primeiro semestre"},"content":{"rendered":"<p> A queda das receitas em meio ao crescimento de gastos obrigat\u00f3rios fez o Governo Central (Tesouro Nacional, Previd\u00eancia Social e Banco Central) registrar o maior <strong><em>d\u00e9ficit prim\u00e1rio<\/em><\/strong> da hist\u00f3ria no primeiro semestre. De janeiro a junho, o resultado ficou negativo em R$ 32,521 bilh\u00f5es. O rombo \u00e9 bem maior que o registrado no mesmo per\u00edodo de 2015 (R$ 1,76 bilh\u00f5es).<\/p>\n<p>O d\u00e9ficit prim\u00e1rio \u00e9 o resultado negativo das contas do governo antes do pagamento dos juros da d\u00edvida p\u00fablica. Apenas em junho, o Governo Central teve d\u00e9ficit de R$ 8,802 bilh\u00f5es, negativo para o m\u00eas pelo terceiro ano seguido e tamb\u00e9m o maior d\u00e9ficit da hist\u00f3ria. Em junho do ano passado, a conta estava negativa em R$ 8,249 bilh\u00f5es.<\/p>\n<p>O resultado negativo em junho s\u00f3 n\u00e3o foi pior por causa da antecipa\u00e7\u00e3o de recursos da renova\u00e7\u00e3o de concess\u00f5es de usinas hidrel\u00e9tricas. Uma concession\u00e1ria pagou, na \u00faltima semana de junho, R$ 5,2 bilh\u00f5es que venceriam em 4 de julho. Realizado em novembro do ano passado, o leil\u00e3o rendeu R$ 16 bilh\u00f5es ao governo, dos quais R$ 11 bilh\u00f5es haviam sido pagos em janeiro ao Tesouro Nacional.<\/p>\n<p>A queda da arrecada\u00e7\u00e3o provocada pelo agravamento da crise econ\u00f4mica continua a ser a principal causa do aumento do d\u00e9ficit prim\u00e1rio em 2016. De janeiro a junho, as receitas l\u00edquidas ca\u00edram 5,1%, descontada a infla\u00e7\u00e3o oficial pelo \u00cdndice Nacional de Pre\u00e7os ao Consumidor Amplo (IPCA) em rela\u00e7\u00e3o ao mesmo per\u00edodo do ano passado.<\/p>\n<p>Pressionadas pelos gastos obrigat\u00f3rios, as despesas totais ficaram praticamente est\u00e1veis, subindo 0,3% acima do IPCA nos seis primeiros meses do ano. Apenas em junho, no entanto, os gastos ca\u00edram 5%, descontado o IPCA em rela\u00e7\u00e3o a junho do ano passado.<\/p>\n<p>Previd\u00eancia<\/p>\n<p>Os gastos com a Previd\u00eancia Social subiram 5,4% al\u00e9m da infla\u00e7\u00e3o nos seis primeiros meses do ano. As demais despesas obrigat\u00f3rias cresceram 1,5% acima da infla\u00e7\u00e3o. Os gastos discricion\u00e1rios (n\u00e3o obrigat\u00f3rios), no entanto, ca\u00edram 5,8%, descontado o IPCA. As despesas de custeio (gasto com a manuten\u00e7\u00e3o da m\u00e1quina p\u00fablica) ca\u00edram 7,9% de janeiro a junho.<\/p>\n<p>Os investimentos \u2013 gastos com obras p\u00fablicas e compra de equipamentos \u2013 somaram R$ 26,775 bilh\u00f5es, recuo de 12,4% tamb\u00e9m considerando a infla\u00e7\u00e3o oficial. Os investimentos do Programa de Acelera\u00e7\u00e3o do Crescimento (PAC) totalizaram R$ 19,103 bilh\u00f5es, queda de 12,7% descontada a infla\u00e7\u00e3o.<\/p>\n<p>Os investimentos do Programa Minha Casa, Minha Vida somaram R$ 2,997 bilh\u00f5es, retra\u00e7\u00e3o real de 61,4%. A queda deve-se principalmente \u00e0 autoriza\u00e7\u00e3o para que a constru\u00e7\u00e3o dos im\u00f3veis para a popula\u00e7\u00e3o de baixa renda seja financiada com recursos do Fundo de Garantia do Tempo de Servi\u00e7o (FGTS), que passou a valer neste ano e diminuiu o uso de recursos do Or\u00e7amento no programa habitacional.<\/p>\n<p>Wellton M\u00e1ximo \u2013 Rep\u00f3rter da Ag\u00eancia Brasil<br \/>\nEdi\u00e7\u00e3o: Maria Claudia<br \/>\n29\/07\/2016<\/p>\n","protected":false},"excerpt":{"rendered":"<p>A queda das receitas em meio ao crescimento de gastos obrigat\u00f3rios fez o Governo Central (Tesouro Nacional, Previd\u00eancia Social e Banco Central) registrar o maior d\u00e9ficit prim\u00e1rio da hist\u00f3ria no primeiro semestre. De janeiro a junho, o resultado ficou negativo em R$ 32,521 bilh\u00f5es. O rombo \u00e9 bem maior que o registrado no mesmo per\u00edodo [&hellip;]<\/p>\n","protected":false},"author":2,"featured_media":57582,"comment_status":"open","ping_status":"closed","sticky":false,"template":"","format":"standard","meta":{"_genesis_hide_title":false,"_genesis_hide_breadcrumbs":false,"_genesis_hide_singular_image":false,"_genesis_hide_footer_widgets":false,"_genesis_custom_body_class":"","_genesis_custom_post_class":"","_genesis_layout":"","_jetpack_memberships_contains_paid_content":false,"footnotes":""},"categories":[22,7],"tags":[],"class_list":{"0":"post-91557","1":"post","2":"type-post","3":"status-publish","4":"format-standard","5":"has-post-thumbnail","7":"category-brasil","8":"category-economia","9":"entry","10":"gs-1","11":"gs-odd","12":"gs-even","13":"gs-featured-content-entry"},"jetpack_featured_media_url":"https:\/\/www.redenoticia.com.br\/noticia\/imagens\/grafico1.jpg","jetpack_sharing_enabled":true,"jetpack_likes_enabled":true,"_links":{"self":[{"href":"https:\/\/www.redenoticia.com.br\/noticia\/wp-json\/wp\/v2\/posts\/91557","targetHints":{"allow":["GET"]}}],"collection":[{"href":"https:\/\/www.redenoticia.com.br\/noticia\/wp-json\/wp\/v2\/posts"}],"about":[{"href":"https:\/\/www.redenoticia.com.br\/noticia\/wp-json\/wp\/v2\/types\/post"}],"author":[{"embeddable":true,"href":"https:\/\/www.redenoticia.com.br\/noticia\/wp-json\/wp\/v2\/users\/2"}],"replies":[{"embeddable":true,"href":"https:\/\/www.redenoticia.com.br\/noticia\/wp-json\/wp\/v2\/comments?post=91557"}],"version-history":[{"count":0,"href":"https:\/\/www.redenoticia.com.br\/noticia\/wp-json\/wp\/v2\/posts\/91557\/revisions"}],"wp:featuredmedia":[{"embeddable":true,"href":"https:\/\/www.redenoticia.com.br\/noticia\/wp-json\/wp\/v2\/media\/57582"}],"wp:attachment":[{"href":"https:\/\/www.redenoticia.com.br\/noticia\/wp-json\/wp\/v2\/media?parent=91557"}],"wp:term":[{"taxonomy":"category","embeddable":true,"href":"https:\/\/www.redenoticia.com.br\/noticia\/wp-json\/wp\/v2\/categories?post=91557"},{"taxonomy":"post_tag","embeddable":true,"href":"https:\/\/www.redenoticia.com.br\/noticia\/wp-json\/wp\/v2\/tags?post=91557"}],"curies":[{"name":"wp","href":"https:\/\/api.w.org\/{rel}","templated":true}]}}