{"id":91555,"date":"2016-07-29T06:38:16","date_gmt":"2016-07-29T09:38:16","guid":{"rendered":"http:\/\/www.redenoticia.com.br\/noticia\/?p=91555"},"modified":"2016-07-28T20:39:32","modified_gmt":"2016-07-28T23:39:32","slug":"arrecadacao-cai-733-no-primeiro-semestre-diz-receita-federal","status":"publish","type":"post","link":"https:\/\/www.redenoticia.com.br\/noticia\/2016\/arrecadacao-cai-733-no-primeiro-semestre-diz-receita-federal\/91555","title":{"rendered":"Arrecada\u00e7\u00e3o cai 7,33% no primeiro semestre, diz Receita Federal"},"content":{"rendered":"<p> A <strong><em>arrecada\u00e7\u00e3o federal<\/em><\/strong> de impostos e contribui\u00e7\u00f5es federais somou R$ 617,257 bilh\u00f5es no primeiro semestre, com queda real de 7,33% na compara\u00e7\u00e3o com o mesmo per\u00edodo do ano passado, descontada a infla\u00e7\u00e3o pelo \u00cdndice Nacional de Pre\u00e7os ao Consumidor Amplo (IPCA), utilizado pelo governo para estabelecer as metas.<\/p>\n<p>\u201cO resultado da arrecada\u00e7\u00e3o de 2016 do primeiro semestre de 2016 foi menor do que o resultado da arrecada\u00e7\u00e3o verificado no mesmo per\u00edodo de 2015 por causa da atividade econ\u00f4mica e da forte retra\u00e7\u00e3o da atividade econ\u00f4mica. Atualmente, os n\u00edveis de emprego, a queda do consumo e a queda da produ\u00e7\u00e3o industrial est\u00e3o refletindo no resultado da arrecada\u00e7\u00e3o\u201d, disse Claudemir Malaquias, chefe do Centro de Estudos Tribut\u00e1rios e Aduaneiros da Receita Federal.<\/p>\n<p>Em junho, o governo federal arrecadou R$ 98,129 bilh\u00f5es em impostos e contribui\u00e7\u00f5es. O total representa queda real de 7,14 % em rela\u00e7\u00e3o ao mesmo per\u00edodo de 2015. Os dados foram divulgados pela Receita Federal, Foi o pior resultado para junho desde 2010.<\/p>\n<p>O resultado da arrecada\u00e7\u00e3o decorreu, principalmente, do desempenho da economia, evidenciado pelo comportamento dos principais indicadores macroecon\u00f4micos que afetaram diretamente a arrecada\u00e7\u00e3o de diversos tributos, destaca a Receita Federal.<\/p>\n<p>Cofins e PIS\/Pasep<\/p>\n<p>Segundo a Receita, entre os principais fatores que influenciaram a arrecada\u00e7\u00e3o em junho est\u00e1 a queda da Contribui\u00e7\u00e3o para o Financiamento da Seguridade Social (Cofins) e Contribui\u00e7\u00e3o para o PIS\/Pasep, com redu\u00e7\u00e3o real de 8,45%. PIS\/Pasep \u00e9 a sigla do Programa de Integra\u00e7\u00e3o Social e do Programa de Forma\u00e7\u00e3o do Patrim\u00f4nio do Servidor P\u00fablico (Pasep), que s\u00e3o contribui\u00e7\u00f5es sociais devida pelas empresas. O resultado sofreu o efeito da diminui\u00e7\u00e3o de 10,20% no volume de vendas de bens. Houve ainda redu\u00e7\u00e3o no Imposto de Importa\u00e7\u00e3o e Imposto sobre Produtos Industrializados vinculados \u00e0 importa\u00e7\u00e3o com queda de 28,38% em raz\u00e3o da redu\u00e7\u00e3o no valor em d\u00f3lar da importa\u00e7\u00e3o.<\/p>\n<p>No caso das receitas previdenci\u00e1rias, a arrecada\u00e7\u00e3o registrou queda real de 3,14% no per\u00edodo. A arrecada\u00e7\u00e3o sofreu o efeito ainda da queda do Imposto de Renda-Pessoa Jur\u00eddica (IRPJ), com decr\u00e9scimo de 7,58%.<\/p>\n<p>\u201cA retomada da arrecada\u00e7\u00e3o vir\u00e1 com a recupera\u00e7\u00e3o do n\u00edvel de emprego, consequentemente com o n\u00edvel de renda das fam\u00edlias e a retomada do consumo\u201d, disse Claudemir Malaquias. Para ele, indicadores permitem que a Receita Federal observe sinais melhores do que os projetos inicialmente para a arrecada\u00e7\u00e3o. \u201cN\u00f3s t\u00ednhamos um resultado no in\u00edcio do ano previsto para o final do ano negativo [que era] maior do que os que estamos tendo hoje\u201d, disse.<\/p>\n<p> Daniel Lima &#8211; Rep\u00f3rter da Ag\u00eancia Brasil<br \/>\nEdi\u00e7\u00e3o: Kleber Sampaio<br \/>\n29\/07\/2016<\/p>\n","protected":false},"excerpt":{"rendered":"<p>A arrecada\u00e7\u00e3o federal de impostos e contribui\u00e7\u00f5es federais somou R$ 617,257 bilh\u00f5es no primeiro semestre, com queda real de 7,33% na compara\u00e7\u00e3o com o mesmo per\u00edodo do ano passado, descontada a infla\u00e7\u00e3o pelo \u00cdndice Nacional de Pre\u00e7os ao Consumidor Amplo (IPCA), utilizado pelo governo para estabelecer as metas. \u201cO resultado da arrecada\u00e7\u00e3o de 2016 do [&hellip;]<\/p>\n","protected":false},"author":2,"featured_media":38938,"comment_status":"open","ping_status":"closed","sticky":false,"template":"","format":"standard","meta":{"_genesis_hide_title":false,"_genesis_hide_breadcrumbs":false,"_genesis_hide_singular_image":false,"_genesis_hide_footer_widgets":false,"_genesis_custom_body_class":"","_genesis_custom_post_class":"","_genesis_layout":"","_jetpack_memberships_contains_paid_content":false,"footnotes":""},"categories":[22,7],"tags":[],"class_list":{"0":"post-91555","1":"post","2":"type-post","3":"status-publish","4":"format-standard","5":"has-post-thumbnail","7":"category-brasil","8":"category-economia","9":"entry","10":"gs-1","11":"gs-odd","12":"gs-even","13":"gs-featured-content-entry"},"jetpack_featured_media_url":"https:\/\/www.redenoticia.com.br\/noticia\/imagens\/economia1.jpg","jetpack_sharing_enabled":true,"jetpack_likes_enabled":true,"_links":{"self":[{"href":"https:\/\/www.redenoticia.com.br\/noticia\/wp-json\/wp\/v2\/posts\/91555","targetHints":{"allow":["GET"]}}],"collection":[{"href":"https:\/\/www.redenoticia.com.br\/noticia\/wp-json\/wp\/v2\/posts"}],"about":[{"href":"https:\/\/www.redenoticia.com.br\/noticia\/wp-json\/wp\/v2\/types\/post"}],"author":[{"embeddable":true,"href":"https:\/\/www.redenoticia.com.br\/noticia\/wp-json\/wp\/v2\/users\/2"}],"replies":[{"embeddable":true,"href":"https:\/\/www.redenoticia.com.br\/noticia\/wp-json\/wp\/v2\/comments?post=91555"}],"version-history":[{"count":0,"href":"https:\/\/www.redenoticia.com.br\/noticia\/wp-json\/wp\/v2\/posts\/91555\/revisions"}],"wp:featuredmedia":[{"embeddable":true,"href":"https:\/\/www.redenoticia.com.br\/noticia\/wp-json\/wp\/v2\/media\/38938"}],"wp:attachment":[{"href":"https:\/\/www.redenoticia.com.br\/noticia\/wp-json\/wp\/v2\/media?parent=91555"}],"wp:term":[{"taxonomy":"category","embeddable":true,"href":"https:\/\/www.redenoticia.com.br\/noticia\/wp-json\/wp\/v2\/categories?post=91555"},{"taxonomy":"post_tag","embeddable":true,"href":"https:\/\/www.redenoticia.com.br\/noticia\/wp-json\/wp\/v2\/tags?post=91555"}],"curies":[{"name":"wp","href":"https:\/\/api.w.org\/{rel}","templated":true}]}}