{"id":91553,"date":"2016-07-29T06:37:06","date_gmt":"2016-07-29T09:37:06","guid":{"rendered":"http:\/\/www.redenoticia.com.br\/noticia\/?p=91553"},"modified":"2016-07-28T20:38:12","modified_gmt":"2016-07-28T23:38:12","slug":"igp-m-fecha-julho-em-1163","status":"publish","type":"post","link":"https:\/\/www.redenoticia.com.br\/noticia\/2016\/igp-m-fecha-julho-em-1163\/91553","title":{"rendered":"IGP-M fecha julho em 11,63%"},"content":{"rendered":"<p> O <strong><em>\u00cdndice Geral de Pre\u00e7os do Mercado<\/em><\/strong> (IGP-M) atingiu 11,63% no acumulado dos \u00faltimos 12 meses at\u00e9 julho, resultado que teve o impacto da desacelera\u00e7\u00e3o na passagem de junho (1,69%) para julho (0,18%). De janeiro a julho, a taxa subiu 6,09%.<\/p>\n<p>Apurado pelo Instituto Brasileiro de Economia da Funda\u00e7\u00e3o Getulio Vargas (Ibre\/FGV), o IGP-M serve de par\u00e2metro para o reajuste do aluguel, entre outros tipos de corre\u00e7\u00f5es. A taxa foi calculada com base nos pre\u00e7os coletados entre 21 de junho e 20 de julho.<\/p>\n<p>Dos tr\u00eas componentes do \u00edndice, o que mais contribuiu para a redu\u00e7\u00e3o no ritmo de alta foi o \u00cdndice de Pre\u00e7os ao Produtor Amplo (IPA) com varia\u00e7\u00e3o negativa de 0,01% ante 2,21%. Esse resultado reflete, principalmente, o segmento de mat\u00e9rias-primas brutas com recuo de 1,96% depois de ter sido registrada alta de 3,66%, em junho.<\/p>\n<p>Entre os itens, destaque para a soja em gr\u00e3o (de 14,8% para -3,68%); milho em gr\u00e3o (de 5,65% para -11,19%) e min\u00e9rio de ferro (de -3,56% para -9,17%). J\u00e1 os produtos em alta foram mandioca (de -5,32% para 2,95%); leite in natura (de 4,91% para 8,03%) e caf\u00e9 em gr\u00e3o (de 1,83% para 4,99%).<\/p>\n<p>O IGP-M tamb\u00e9m reflete o decr\u00e9scimo dos pre\u00e7os no varejo. O \u00cdndice de Pre\u00e7os ao Consumidor (IPC) passou de uma alta de 0,33% em junho para 0,29% em julho. Dos sete grupos pesquisados, o de habita\u00e7\u00e3o foi o que mais ajudou a conter o avan\u00e7o (de 0,69% para 0,13%) sob a influ\u00eancia da tarifa de eletricidade residencial (de 0,89% para -1,04%).<\/p>\n<p>A taxa teve ainda a contribui\u00e7\u00e3o de uma queda no setor da constru\u00e7\u00e3o civil. O \u00cdndice Nacional de Custo da Constru\u00e7\u00e3o (INCC) apresentou varia\u00e7\u00e3o de 1,09% ante uma alta de 1,52% em junho. Houve baixas no ritmo de corre\u00e7\u00e3o tanto em materiais, equipamentos e servi\u00e7os (de 0,26% para 0,12%) quanto em m\u00e3o de obra (de 2,64% para 1,93%).<\/p>\n<p>Marli Moreira &#8211; Rep\u00f3rter da Ag\u00eancia Brasil<br \/>\nEdi\u00e7\u00e3o: Kleber Sampaio<br \/>\n29\/07\/2016<\/p>\n","protected":false},"excerpt":{"rendered":"<p>O \u00cdndice Geral de Pre\u00e7os do Mercado (IGP-M) atingiu 11,63% no acumulado dos \u00faltimos 12 meses at\u00e9 julho, resultado que teve o impacto da desacelera\u00e7\u00e3o na passagem de junho (1,69%) para julho (0,18%). De janeiro a julho, a taxa subiu 6,09%. Apurado pelo Instituto Brasileiro de Economia da Funda\u00e7\u00e3o Getulio Vargas (Ibre\/FGV), o IGP-M serve [&hellip;]<\/p>\n","protected":false},"author":2,"featured_media":57585,"comment_status":"open","ping_status":"closed","sticky":false,"template":"","format":"standard","meta":{"_genesis_hide_title":false,"_genesis_hide_breadcrumbs":false,"_genesis_hide_singular_image":false,"_genesis_hide_footer_widgets":false,"_genesis_custom_body_class":"","_genesis_custom_post_class":"","_genesis_layout":"","_jetpack_memberships_contains_paid_content":false,"footnotes":""},"categories":[22,7],"tags":[],"class_list":{"0":"post-91553","1":"post","2":"type-post","3":"status-publish","4":"format-standard","5":"has-post-thumbnail","7":"category-brasil","8":"category-economia","9":"entry","10":"gs-1","11":"gs-odd","12":"gs-even","13":"gs-featured-content-entry"},"jetpack_featured_media_url":"https:\/\/www.redenoticia.com.br\/noticia\/imagens\/analise-economia.jpg","jetpack_sharing_enabled":true,"jetpack_likes_enabled":true,"_links":{"self":[{"href":"https:\/\/www.redenoticia.com.br\/noticia\/wp-json\/wp\/v2\/posts\/91553","targetHints":{"allow":["GET"]}}],"collection":[{"href":"https:\/\/www.redenoticia.com.br\/noticia\/wp-json\/wp\/v2\/posts"}],"about":[{"href":"https:\/\/www.redenoticia.com.br\/noticia\/wp-json\/wp\/v2\/types\/post"}],"author":[{"embeddable":true,"href":"https:\/\/www.redenoticia.com.br\/noticia\/wp-json\/wp\/v2\/users\/2"}],"replies":[{"embeddable":true,"href":"https:\/\/www.redenoticia.com.br\/noticia\/wp-json\/wp\/v2\/comments?post=91553"}],"version-history":[{"count":0,"href":"https:\/\/www.redenoticia.com.br\/noticia\/wp-json\/wp\/v2\/posts\/91553\/revisions"}],"wp:featuredmedia":[{"embeddable":true,"href":"https:\/\/www.redenoticia.com.br\/noticia\/wp-json\/wp\/v2\/media\/57585"}],"wp:attachment":[{"href":"https:\/\/www.redenoticia.com.br\/noticia\/wp-json\/wp\/v2\/media?parent=91553"}],"wp:term":[{"taxonomy":"category","embeddable":true,"href":"https:\/\/www.redenoticia.com.br\/noticia\/wp-json\/wp\/v2\/categories?post=91553"},{"taxonomy":"post_tag","embeddable":true,"href":"https:\/\/www.redenoticia.com.br\/noticia\/wp-json\/wp\/v2\/tags?post=91553"}],"curies":[{"name":"wp","href":"https:\/\/api.w.org\/{rel}","templated":true}]}}