{"id":91551,"date":"2016-07-29T06:35:34","date_gmt":"2016-07-29T09:35:34","guid":{"rendered":"http:\/\/www.redenoticia.com.br\/noticia\/?p=91551"},"modified":"2016-07-28T20:37:01","modified_gmt":"2016-07-28T23:37:01","slug":"novo-prazo-para-trabalhador-sacar-pispasep-comeca-hoje","status":"publish","type":"post","link":"https:\/\/www.redenoticia.com.br\/noticia\/2016\/novo-prazo-para-trabalhador-sacar-pispasep-comeca-hoje\/91551","title":{"rendered":"Novo prazo para trabalhador sacar PIS\/Pasep come\u00e7a hoje"},"content":{"rendered":"<p> Os trabalhadores que n\u00e3o conseguiram sacar o abono salarial do <strong><em>PIS\/Pasep<\/em><\/strong> ano-base 2014 ter\u00e3o novo prazo para retirar o benef\u00edcio. O per\u00edodo de saque termina no dia 31 de agosto, segundo o Minist\u00e9rio do Trabalho.<\/p>\n<p>PIS\/Pasep \u00e9 a sigla do Programa de Integra\u00e7\u00e3o Social e do Programa de Forma\u00e7\u00e3o do Patrim\u00f4nio do Servidor P\u00fablico (Pasep), que s\u00e3o contribui\u00e7\u00f5es sociais devida pelas empresas.<\/p>\n<p>A prorroga\u00e7\u00e3o para os trabalhadores que perderam o prazo foi anunciada no in\u00edcio do m\u00eas pelo ministro do Trabalho, Ronaldo Nogueira. Na ocasi\u00e3o, ele destacou que mais de 1 milh\u00e3o de trabalhadores perderam o prazo, encerrado no fim de junho. A expectativa \u00e9 que mais de R$ 800 milh\u00f5es sejam injetados na economia em 2016, caso todos os trabalhadores que t\u00eam direito ao abono saquem os valores liberados.<\/p>\n<p>Hoje tamb\u00e9m come\u00e7a a ser pago o PIS\/Pasepe ano-base 2015. Quem nasceu de julho a dezembro, recebe o benef\u00edcio neste ano (2016) e os nascidos entre janeiro a junho, no primeiro trimestre de 2017. Em qualquer situa\u00e7\u00e3o, o recurso ficar\u00e1 \u00e0 disposi\u00e7\u00e3o do trabalhador at\u00e9 30 de junho de 2017, prazo final para o recebimento.<\/p>\n<p>Da Ag\u00eancia Brasil<br \/>\nEdi\u00e7\u00e3o: Denise Griesinger<br \/>\n29\/07\/2016<\/p>\n","protected":false},"excerpt":{"rendered":"<p>Os trabalhadores que n\u00e3o conseguiram sacar o abono salarial do PIS\/Pasep ano-base 2014 ter\u00e3o novo prazo para retirar o benef\u00edcio. O per\u00edodo de saque termina no dia 31 de agosto, segundo o Minist\u00e9rio do Trabalho. PIS\/Pasep \u00e9 a sigla do Programa de Integra\u00e7\u00e3o Social e do Programa de Forma\u00e7\u00e3o do Patrim\u00f4nio do Servidor P\u00fablico (Pasep), [&hellip;]<\/p>\n","protected":false},"author":2,"featured_media":40734,"comment_status":"open","ping_status":"closed","sticky":false,"template":"","format":"standard","meta":{"_genesis_hide_title":false,"_genesis_hide_breadcrumbs":false,"_genesis_hide_singular_image":false,"_genesis_hide_footer_widgets":false,"_genesis_custom_body_class":"","_genesis_custom_post_class":"","_genesis_layout":"","_jetpack_memberships_contains_paid_content":false,"footnotes":""},"categories":[22,7],"tags":[],"class_list":{"0":"post-91551","1":"post","2":"type-post","3":"status-publish","4":"format-standard","5":"has-post-thumbnail","7":"category-brasil","8":"category-economia","9":"entry","10":"gs-1","11":"gs-odd","12":"gs-even","13":"gs-featured-content-entry"},"jetpack_featured_media_url":"https:\/\/www.redenoticia.com.br\/noticia\/imagens\/economia-resultados.jpg","jetpack_sharing_enabled":true,"jetpack_likes_enabled":true,"_links":{"self":[{"href":"https:\/\/www.redenoticia.com.br\/noticia\/wp-json\/wp\/v2\/posts\/91551","targetHints":{"allow":["GET"]}}],"collection":[{"href":"https:\/\/www.redenoticia.com.br\/noticia\/wp-json\/wp\/v2\/posts"}],"about":[{"href":"https:\/\/www.redenoticia.com.br\/noticia\/wp-json\/wp\/v2\/types\/post"}],"author":[{"embeddable":true,"href":"https:\/\/www.redenoticia.com.br\/noticia\/wp-json\/wp\/v2\/users\/2"}],"replies":[{"embeddable":true,"href":"https:\/\/www.redenoticia.com.br\/noticia\/wp-json\/wp\/v2\/comments?post=91551"}],"version-history":[{"count":0,"href":"https:\/\/www.redenoticia.com.br\/noticia\/wp-json\/wp\/v2\/posts\/91551\/revisions"}],"wp:featuredmedia":[{"embeddable":true,"href":"https:\/\/www.redenoticia.com.br\/noticia\/wp-json\/wp\/v2\/media\/40734"}],"wp:attachment":[{"href":"https:\/\/www.redenoticia.com.br\/noticia\/wp-json\/wp\/v2\/media?parent=91551"}],"wp:term":[{"taxonomy":"category","embeddable":true,"href":"https:\/\/www.redenoticia.com.br\/noticia\/wp-json\/wp\/v2\/categories?post=91551"},{"taxonomy":"post_tag","embeddable":true,"href":"https:\/\/www.redenoticia.com.br\/noticia\/wp-json\/wp\/v2\/tags?post=91551"}],"curies":[{"name":"wp","href":"https:\/\/api.w.org\/{rel}","templated":true}]}}