{"id":91457,"date":"2016-07-28T06:32:10","date_gmt":"2016-07-28T09:32:10","guid":{"rendered":"http:\/\/www.redenoticia.com.br\/noticia\/?p=91457"},"modified":"2016-07-27T21:33:27","modified_gmt":"2016-07-28T00:33:27","slug":"faturamento-da-industria-de-maquinas-cai-293-no-primeiro-semestre-diz-abimaq","status":"publish","type":"post","link":"https:\/\/www.redenoticia.com.br\/noticia\/2016\/faturamento-da-industria-de-maquinas-cai-293-no-primeiro-semestre-diz-abimaq\/91457","title":{"rendered":"Faturamento da ind\u00fastria de m\u00e1quinas cai 29,3% no primeiro semestre, diz Abimaq"},"content":{"rendered":"<p> O <strong><em>faturamento da ind\u00fastria de m\u00e1quinas e equipamentos<\/em><\/strong> totalizou R$ 33,060 bilh\u00f5es no primeiro semestre deste ano, queda de 29,3% na compara\u00e7\u00e3o com o mesmo per\u00edodo do ano passado. Considerando-se apenas o m\u00eas de junho, o setor faturou R$ 5,867 bilh\u00f5es, representando recuo de 23,7% sobre o mesmo m\u00eas do ano passado e avan\u00e7o de 4,2% sobre o m\u00eas anterior. Os dados foram divulgados pela Associa\u00e7\u00e3o Brasileira da Ind\u00fastria de M\u00e1quinas e Equipamentos (Abimaq).<\/p>\n<p>Para Jos\u00e9 Velloso, presidente executivo da Abimaq, o balan\u00e7o do setor mostra que a \u201ccrise \u00e9 mais profunda do que n\u00f3s imagin\u00e1vamos\u201d.<\/p>\n<p>\u201cEstamos atravessando o quarto ano de queda. Nesse quarto ano, estamos de janeiro a junho com uma queda de 30% do faturamento. Se avaliarmos s\u00f3 o mercado interno, a perda passa de 40%. \u00c9 uma redu\u00e7\u00e3o de 30% [do faturamento no primeiro semestre]\u201d, disse Velloso.<\/p>\n<p>Motivos<\/p>\n<p>Segundo ele, o recuo no faturamento do setor \u00e9 explicado principalmente por tr\u00eas raz\u00f5es: falta de confian\u00e7a do empres\u00e1rio, juros altos e instabilidade pol\u00edtica.<\/p>\n<p>\u201cO principal motivo da crise no setor \u00e9 a falta de confian\u00e7a do mercado. Uma m\u00e1quina \u00e9 um investimento para quem compra. Ent\u00e3o, um empres\u00e1rio s\u00f3 vai investir quando tiver confian\u00e7a de que esse investimento ter\u00e1 retorno.\u201d<\/p>\n<p>Para o presidente da Abimaq, outro desmotivador \u00e9 a alta taxa de juros. &#8220;Se deixo dinheiro no banco, sem risco nenhum, e se ele [dinheiro] tiver remunera\u00e7\u00e3o acima de 14%, em um ambiente de infla\u00e7\u00e3o projetado em 7,5%, por que essa empresa vai investir em produ\u00e7\u00e3o e correr risco?\u201d, criticou Velloso.<\/p>\n<p>Impeachment<\/p>\n<p>\u201cAcredito que, depois de passada essa indefini\u00e7\u00e3o pol\u00edtica [com a finaliza\u00e7\u00e3o do processo de impeachment], essa componente pol\u00edtica pode ser contornada. Mas as outras duas quest\u00f5es [juros altos e falta de confian\u00e7a do empresariado] n\u00e3o. Se o Brasil continuar com essa pol\u00edtica monet\u00e1ria de juros altos, n\u00e3o vamos sair dessa recess\u00e3o\u201d, afirmou.<\/p>\n<p>Entre janeiro e junho, as exporta\u00e7\u00f5es tiveram avan\u00e7o de 1,1%, somando US$ 3,991 bilh\u00f5es. Nesse mesmo per\u00edodo, as importa\u00e7\u00f5es totalizaram US$ 8,398 bilh\u00f5es, com queda de 18,8% sobre o primeiro semestre de 2015. Com isso, o saldo da balan\u00e7a comercial ficou negativo em US$ 4,407 bilh\u00f5es nos primeiros seis meses deste ano, recuo de 31,1% sobre o mesmo per\u00edodo do ano passado.<\/p>\n<p>Em junho, as exporta\u00e7\u00f5es mantiveram-se est\u00e1veis com rela\u00e7\u00e3o a maio, mas 2,3% superior a junho do ano passado, somando US$ 695 milh\u00f5es. J\u00e1 as importa\u00e7\u00f5es somaram em junho US$ 2,320 bilh\u00f5es, alta de 93,5% sobre maio e de 44,1% sobre junho do ano passado.<\/p>\n<p>Empregos<\/p>\n<p>\u201cA balan\u00e7a comercial no setor parou de piorar por causa da importa\u00e7\u00e3o. A queda da importa\u00e7\u00e3o ocorreu pela redu\u00e7\u00e3o do consumo aparente, ou seja, est\u00e1 se consumindo menos m\u00e1quinas no Brasil, nacional ou importada. A tend\u00eancia at\u00e9 o fim do ano \u00e9 mais ou menos do jeito como estamos, com balan\u00e7a comercial negativa, mas menos negativa do que era\u201d, acrescentou Velloso.<\/p>\n<p>Quanto ao n\u00edvel de emprego, houve queda de 0,5% em junho na compara\u00e7\u00e3o com maio e de 9,6% sobre o mesmo m\u00eas do ano anterior. No fim de junho, o setor totalizava 307.507 funcion\u00e1rios.<\/p>\n<p>\u201cDesde o in\u00edcio da crise, em 2013, j\u00e1 demitimos aproximadamente 80 mil empregados. Temos hoje cerca de 307 mil empregados diretos. A tend\u00eancia \u00e9 continuarmos caindo, mas o ritmo de queda diminuiu. Existem alguns motivos para isso. Um deles \u00e9 que muitas empresas j\u00e1 n\u00e3o t\u00eam mais condi\u00e7\u00f5es de demitir, porque demiss\u00e3o mexe com o caixa da empresa. Ent\u00e3o, o empres\u00e1rio n\u00e3o tem mais dinheiro para demitir. A outra quest\u00e3o \u00e9 porque a queda de faturamento, embora continue, est\u00e1 menos acentuada do que antes.\u201d<\/p>\n<p>Para o presidente da associa\u00e7\u00e3o, a proje\u00e7\u00e3o para o ano \u00e9 de queda na compara\u00e7\u00e3o com o ano anterior. \u201cNossa queda de faturamento, com certeza, ser\u00e1 acima de dois d\u00edgitos. Ela hoje est\u00e1 em torno de 30% no primeiro semestre. Se estabilizar, chegaremos ao fm do ano com redu\u00e7\u00e3o em torno de 20% ou 25%&#8221;, concluiu.<\/p>\n<p>Elaine Patricia Cruz \u2013 Rep\u00f3rter da Ag\u00eancia Brasil<br \/>\nEdi\u00e7\u00e3o: Armando Cardoso<br \/>\n28\/07\/2016<\/p>\n","protected":false},"excerpt":{"rendered":"<p>O faturamento da ind\u00fastria de m\u00e1quinas e equipamentos totalizou R$ 33,060 bilh\u00f5es no primeiro semestre deste ano, queda de 29,3% na compara\u00e7\u00e3o com o mesmo per\u00edodo do ano passado. Considerando-se apenas o m\u00eas de junho, o setor faturou R$ 5,867 bilh\u00f5es, representando recuo de 23,7% sobre o mesmo m\u00eas do ano passado e avan\u00e7o de [&hellip;]<\/p>\n","protected":false},"author":2,"featured_media":38938,"comment_status":"open","ping_status":"closed","sticky":false,"template":"","format":"standard","meta":{"_genesis_hide_title":false,"_genesis_hide_breadcrumbs":false,"_genesis_hide_singular_image":false,"_genesis_hide_footer_widgets":false,"_genesis_custom_body_class":"","_genesis_custom_post_class":"","_genesis_layout":"","_jetpack_memberships_contains_paid_content":false,"footnotes":""},"categories":[22,7],"tags":[],"class_list":{"0":"post-91457","1":"post","2":"type-post","3":"status-publish","4":"format-standard","5":"has-post-thumbnail","7":"category-brasil","8":"category-economia","9":"entry","10":"gs-1","11":"gs-odd","12":"gs-even","13":"gs-featured-content-entry"},"jetpack_featured_media_url":"https:\/\/www.redenoticia.com.br\/noticia\/imagens\/economia1.jpg","jetpack_sharing_enabled":true,"jetpack_likes_enabled":true,"_links":{"self":[{"href":"https:\/\/www.redenoticia.com.br\/noticia\/wp-json\/wp\/v2\/posts\/91457","targetHints":{"allow":["GET"]}}],"collection":[{"href":"https:\/\/www.redenoticia.com.br\/noticia\/wp-json\/wp\/v2\/posts"}],"about":[{"href":"https:\/\/www.redenoticia.com.br\/noticia\/wp-json\/wp\/v2\/types\/post"}],"author":[{"embeddable":true,"href":"https:\/\/www.redenoticia.com.br\/noticia\/wp-json\/wp\/v2\/users\/2"}],"replies":[{"embeddable":true,"href":"https:\/\/www.redenoticia.com.br\/noticia\/wp-json\/wp\/v2\/comments?post=91457"}],"version-history":[{"count":0,"href":"https:\/\/www.redenoticia.com.br\/noticia\/wp-json\/wp\/v2\/posts\/91457\/revisions"}],"wp:featuredmedia":[{"embeddable":true,"href":"https:\/\/www.redenoticia.com.br\/noticia\/wp-json\/wp\/v2\/media\/38938"}],"wp:attachment":[{"href":"https:\/\/www.redenoticia.com.br\/noticia\/wp-json\/wp\/v2\/media?parent=91457"}],"wp:term":[{"taxonomy":"category","embeddable":true,"href":"https:\/\/www.redenoticia.com.br\/noticia\/wp-json\/wp\/v2\/categories?post=91457"},{"taxonomy":"post_tag","embeddable":true,"href":"https:\/\/www.redenoticia.com.br\/noticia\/wp-json\/wp\/v2\/tags?post=91457"}],"curies":[{"name":"wp","href":"https:\/\/api.w.org\/{rel}","templated":true}]}}