{"id":91455,"date":"2016-07-28T06:30:56","date_gmt":"2016-07-28T09:30:56","guid":{"rendered":"http:\/\/www.redenoticia.com.br\/noticia\/?p=91455"},"modified":"2016-07-27T21:32:04","modified_gmt":"2016-07-28T00:32:04","slug":"bc-saldo-de-operacoes-de-credito-no-pais-cai-05-em-junho-e-28-no-ano","status":"publish","type":"post","link":"https:\/\/www.redenoticia.com.br\/noticia\/2016\/bc-saldo-de-operacoes-de-credito-no-pais-cai-05-em-junho-e-28-no-ano\/91455","title":{"rendered":"BC: saldo de opera\u00e7\u00f5es de cr\u00e9dito no pa\u00eds cai 0,5% em junho e 2,8% no ano"},"content":{"rendered":"<p> A retra\u00e7\u00e3o da atividade econ\u00f4mica, o aumento das taxas de juros, a falta de confian\u00e7a e a queda do d\u00f3lar levam \u00e0 <strong><em>redu\u00e7\u00e3o do saldo do cr\u00e9dito no pa\u00eds<\/em><\/strong>. De acordo com dados do Banco Central (BC), o saldo de todas as opera\u00e7\u00f5es de cr\u00e9dito concedido pelos bancos caiu 0,5%, em junho e 2,8%, no ano.<\/p>\n<p>No m\u00eas passado, o saldo ficou em R$ 3,130 trilh\u00f5es. O valor corresponde a 51,9% de tudo o que o pa\u00eds produziu \u2013 Produto Interno Bruto (PIB) \u2013 ante o percentual de 52,5% registrado em maio deste ano.<\/p>\n<p>Segundo o chefe do Departamento Econ\u00f4mico do BC, Tulio Maciel, fam\u00edlias e empresas est\u00e3o evitando se comprometer com empr\u00e9stimos, devido \u00e0 redu\u00e7\u00e3o da renda gerada pela retra\u00e7\u00e3o da atividade econ\u00f4mica. Outro fator \u00e9 o aumento do custo do cr\u00e9dito. Maciel tamb\u00e9m citou a queda do d\u00f3lar de cerca de 18%, no primeiro semestre. A cota\u00e7\u00e3o da moeda tem influ\u00eancia sobre empr\u00e9stimos vinculados ao d\u00f3lar, como modalidades de cr\u00e9dito do Banco Nacional de Desenvolvimento Econ\u00f4mico e Social (BNDES).<\/p>\n<p>Apesar da retra\u00e7\u00e3o do cr\u00e9dito no primeiro semestre, Maciel disse que a estimativa do BC de crescimento do saldo dos empr\u00e9stimos de 1% este ano deve ser alcan\u00e7ada, devido \u00e0 expectativa de dados melhores do segundo semestre deste ano. Segundo ele, isso vai acontecer porque o cr\u00e9dito no segundo semestre de 2015 \u201cfoi fraco\u201d. Ent\u00e3o, quando for feita a compara\u00e7\u00e3o do segundo semestre deste ano com o mesmo per\u00edodo do ano passado, deve haver crescimento. Ele citou ainda que em 12 meses, encerrados em junho, o cr\u00e9dito j\u00e1 cresce 1%.<\/p>\n<p>Inadimpl\u00eancia<\/p>\n<p>A inadimpl\u00eancia do cr\u00e9dito, considerados atrasos acima de 90 dias, para pessoas f\u00edsicas caiu 0,2 ponto percentual, de maio para junho, quando ficou em 6,1%. A taxa de inadimpl\u00eancia das empresas tamb\u00e9m caiu 0,2 ponto percentual e ficou em 5,1%.<\/p>\n<p>Segundo Maciel, em junho, foi interrompida a trajet\u00f3ria de alta da inadimpl\u00eancia, devido principalmente \u00e0 renegocia\u00e7\u00e3o de d\u00edvidas das fam\u00edlias. Para Maciel, apesar dessa redu\u00e7\u00e3o ser um \u201cbom sinal\u201d, ainda \u00e9 preciso observar os pr\u00f3ximos meses para ver se h\u00e1 uma mudan\u00e7a de tend\u00eancia. \u201cAinda \u00e9 prematuro dizer que houve mudan\u00e7a de tend\u00eancia da inadimpl\u00eancia. \u00c9 preciso observar esse movimento\u201d, disse. Maciel acrescentou que o mercado de trabalho ainda registra desemprego em alta. \u201cE isso tende a influenciar a inadimpl\u00eancia\u201d, acrescentou.<\/p>\n<p>Em junho, o saldo do cr\u00e9dito renegociado chegou a R$ 28,902 bilh\u00f5es, com alta de 1,6% no m\u00eas e 7%, no ano.<\/p>\n<p>Kelly Oliveira \u2013 Rep\u00f3rter da Ag\u00eancia Brasil<br \/>\nEdi\u00e7\u00e3o: Maria Claudia<br \/>\n28\/07\/2016<\/p>\n","protected":false},"excerpt":{"rendered":"<p>A retra\u00e7\u00e3o da atividade econ\u00f4mica, o aumento das taxas de juros, a falta de confian\u00e7a e a queda do d\u00f3lar levam \u00e0 redu\u00e7\u00e3o do saldo do cr\u00e9dito no pa\u00eds. De acordo com dados do Banco Central (BC), o saldo de todas as opera\u00e7\u00f5es de cr\u00e9dito concedido pelos bancos caiu 0,5%, em junho e 2,8%, no [&hellip;]<\/p>\n","protected":false},"author":2,"featured_media":57585,"comment_status":"open","ping_status":"closed","sticky":false,"template":"","format":"standard","meta":{"_genesis_hide_title":false,"_genesis_hide_breadcrumbs":false,"_genesis_hide_singular_image":false,"_genesis_hide_footer_widgets":false,"_genesis_custom_body_class":"","_genesis_custom_post_class":"","_genesis_layout":"","_jetpack_memberships_contains_paid_content":false,"footnotes":""},"categories":[22,7],"tags":[],"class_list":{"0":"post-91455","1":"post","2":"type-post","3":"status-publish","4":"format-standard","5":"has-post-thumbnail","7":"category-brasil","8":"category-economia","9":"entry","10":"gs-1","11":"gs-odd","12":"gs-even","13":"gs-featured-content-entry"},"jetpack_featured_media_url":"https:\/\/www.redenoticia.com.br\/noticia\/imagens\/analise-economia.jpg","jetpack_sharing_enabled":true,"jetpack_likes_enabled":true,"_links":{"self":[{"href":"https:\/\/www.redenoticia.com.br\/noticia\/wp-json\/wp\/v2\/posts\/91455","targetHints":{"allow":["GET"]}}],"collection":[{"href":"https:\/\/www.redenoticia.com.br\/noticia\/wp-json\/wp\/v2\/posts"}],"about":[{"href":"https:\/\/www.redenoticia.com.br\/noticia\/wp-json\/wp\/v2\/types\/post"}],"author":[{"embeddable":true,"href":"https:\/\/www.redenoticia.com.br\/noticia\/wp-json\/wp\/v2\/users\/2"}],"replies":[{"embeddable":true,"href":"https:\/\/www.redenoticia.com.br\/noticia\/wp-json\/wp\/v2\/comments?post=91455"}],"version-history":[{"count":0,"href":"https:\/\/www.redenoticia.com.br\/noticia\/wp-json\/wp\/v2\/posts\/91455\/revisions"}],"wp:featuredmedia":[{"embeddable":true,"href":"https:\/\/www.redenoticia.com.br\/noticia\/wp-json\/wp\/v2\/media\/57585"}],"wp:attachment":[{"href":"https:\/\/www.redenoticia.com.br\/noticia\/wp-json\/wp\/v2\/media?parent=91455"}],"wp:term":[{"taxonomy":"category","embeddable":true,"href":"https:\/\/www.redenoticia.com.br\/noticia\/wp-json\/wp\/v2\/categories?post=91455"},{"taxonomy":"post_tag","embeddable":true,"href":"https:\/\/www.redenoticia.com.br\/noticia\/wp-json\/wp\/v2\/tags?post=91455"}],"curies":[{"name":"wp","href":"https:\/\/api.w.org\/{rel}","templated":true}]}}