{"id":91453,"date":"2016-07-28T06:29:49","date_gmt":"2016-07-28T09:29:49","guid":{"rendered":"http:\/\/www.redenoticia.com.br\/noticia\/?p=91453"},"modified":"2016-07-27T21:30:51","modified_gmt":"2016-07-28T00:30:51","slug":"desemprego-fica-estavel-em-176-na-regiao-metropolitana-de-sao-paulo","status":"publish","type":"post","link":"https:\/\/www.redenoticia.com.br\/noticia\/2016\/desemprego-fica-estavel-em-176-na-regiao-metropolitana-de-sao-paulo\/91453","title":{"rendered":"Desemprego fica est\u00e1vel em 17,6% na regi\u00e3o metropolitana de S\u00e3o Paulo"},"content":{"rendered":"<p> A <strong><em>taxa de desemprego<\/em><\/strong> na regi\u00e3o metropolitana de S\u00e3o Paulo manteve-se est\u00e1vel em 17,6% entre maio e junho. Em junho, havia 1,99 milh\u00e3o de desempregados, n\u00famero que indica um acr\u00e9scimo de 13 mil pessoas sobre o de maio. No per\u00edodo, 77 mil pessoas entraram para o mercado de trabalho, enquanto foram criadas apenas 64 mil vagas.<\/p>\n<p>Os dados s\u00e3o da Pesquisa de Emprego e Desemprego (PED), feita em conjunto pela Funda\u00e7\u00e3o Sistema Estadual de An\u00e1lise de Dados (Seade) e Departamento Intersindical de Estat\u00edstica e Estudos Socioecon\u00f4micos (Dieese).<\/p>\n<p>O levantamento mostra que, na m\u00e9dia, o n\u00edvel de ocupa\u00e7\u00e3o cresceu 0,7% em raz\u00e3o das novas oportunidades no segmento de servi\u00e7os em que foram gerados 121 mil postos de trabalho, uma alta de 2,2%. Na ind\u00fastria de transforma\u00e7\u00e3o o quadro ficou est\u00e1vel, enquanto que no com\u00e9rcio e repara\u00e7\u00e3o de ve\u00edculos automotores e motocicletas houve o corte de 44 mil vagas, um recuo de 2,6% e, na constru\u00e7\u00e3o mais seis mil elimina\u00e7\u00f5es com queda de 1% no saldo de contrata\u00e7\u00f5es.<\/p>\n<p>A PED aponta ainda que entre abril e maio deste ano o rendimento m\u00e9dio real dos assalariados ficou est\u00e1vel em R$ 2.018 e dos ocupados teve varia\u00e7\u00e3o de 0,4%, atingindo R$ 1.961.<\/p>\n<p>Marli Moreira &#8211; Rep\u00f3rter da Ag\u00eancia Brasil<br \/>\nEdi\u00e7\u00e3o: Kleber Sampaio<br \/>\n28\/07\/2016<\/p>\n","protected":false},"excerpt":{"rendered":"<p>A taxa de desemprego na regi\u00e3o metropolitana de S\u00e3o Paulo manteve-se est\u00e1vel em 17,6% entre maio e junho. Em junho, havia 1,99 milh\u00e3o de desempregados, n\u00famero que indica um acr\u00e9scimo de 13 mil pessoas sobre o de maio. No per\u00edodo, 77 mil pessoas entraram para o mercado de trabalho, enquanto foram criadas apenas 64 mil [&hellip;]<\/p>\n","protected":false},"author":2,"featured_media":57583,"comment_status":"open","ping_status":"closed","sticky":false,"template":"","format":"standard","meta":{"_genesis_hide_title":false,"_genesis_hide_breadcrumbs":false,"_genesis_hide_singular_image":false,"_genesis_hide_footer_widgets":false,"_genesis_custom_body_class":"","_genesis_custom_post_class":"","_genesis_layout":"","_jetpack_memberships_contains_paid_content":false,"footnotes":""},"categories":[22,7],"tags":[],"class_list":{"0":"post-91453","1":"post","2":"type-post","3":"status-publish","4":"format-standard","5":"has-post-thumbnail","7":"category-brasil","8":"category-economia","9":"entry","10":"gs-1","11":"gs-odd","12":"gs-even","13":"gs-featured-content-entry"},"jetpack_featured_media_url":"https:\/\/www.redenoticia.com.br\/noticia\/imagens\/economia-grafico.jpg","jetpack_sharing_enabled":true,"jetpack_likes_enabled":true,"_links":{"self":[{"href":"https:\/\/www.redenoticia.com.br\/noticia\/wp-json\/wp\/v2\/posts\/91453","targetHints":{"allow":["GET"]}}],"collection":[{"href":"https:\/\/www.redenoticia.com.br\/noticia\/wp-json\/wp\/v2\/posts"}],"about":[{"href":"https:\/\/www.redenoticia.com.br\/noticia\/wp-json\/wp\/v2\/types\/post"}],"author":[{"embeddable":true,"href":"https:\/\/www.redenoticia.com.br\/noticia\/wp-json\/wp\/v2\/users\/2"}],"replies":[{"embeddable":true,"href":"https:\/\/www.redenoticia.com.br\/noticia\/wp-json\/wp\/v2\/comments?post=91453"}],"version-history":[{"count":0,"href":"https:\/\/www.redenoticia.com.br\/noticia\/wp-json\/wp\/v2\/posts\/91453\/revisions"}],"wp:featuredmedia":[{"embeddable":true,"href":"https:\/\/www.redenoticia.com.br\/noticia\/wp-json\/wp\/v2\/media\/57583"}],"wp:attachment":[{"href":"https:\/\/www.redenoticia.com.br\/noticia\/wp-json\/wp\/v2\/media?parent=91453"}],"wp:term":[{"taxonomy":"category","embeddable":true,"href":"https:\/\/www.redenoticia.com.br\/noticia\/wp-json\/wp\/v2\/categories?post=91453"},{"taxonomy":"post_tag","embeddable":true,"href":"https:\/\/www.redenoticia.com.br\/noticia\/wp-json\/wp\/v2\/tags?post=91453"}],"curies":[{"name":"wp","href":"https:\/\/api.w.org\/{rel}","templated":true}]}}