{"id":91451,"date":"2016-07-28T06:27:42","date_gmt":"2016-07-28T09:27:42","guid":{"rendered":"http:\/\/www.redenoticia.com.br\/noticia\/?p=91451"},"modified":"2016-07-27T21:29:44","modified_gmt":"2016-07-28T00:29:44","slug":"juros-do-cheque-especial-atingem-o-recorde-de-3157-ao-ano","status":"publish","type":"post","link":"https:\/\/www.redenoticia.com.br\/noticia\/2016\/juros-do-cheque-especial-atingem-o-recorde-de-3157-ao-ano\/91451","title":{"rendered":"Juros do cheque especial atingem o recorde de 315,7% ao ano"},"content":{"rendered":"<p> A <strong><em>taxa de juros do cheque especial<\/em><\/strong> continuou subindo em junho. De acordo com dados do Banco Central (BC), a taxa do cheque especial aumentou 4,7 pontos percentuais de maio para junho, quando chegou a 315,7% ao ano. Essa \u00e9 a maior taxa da s\u00e9rie hist\u00f3rica do BC, iniciada em julho de 1994.<\/p>\n<p>Em 2016, a taxa do cheque especial subiu 28,7 pontos percentuais em rela\u00e7\u00e3o a dezembro de 2015, quando estava em 287% ao ano.<\/p>\n<p>J\u00e1 taxa de juros do rotativo do cart\u00e3o de cr\u00e9dito caiu 0,6 ponto percentual de maio para junho. Mesmo assim, continua sendo a mais cara entre as pesquisadas pelo BC. Em junho, ficou em 470,9% ao ano.<\/p>\n<p>O rotativo \u00e9 o cr\u00e9dito tomado pelo consumidor quando paga menos que o valor integral da fatura do cart\u00e3o. Essa \u00e9 a modalidade com taxa de juros mais alta na pesquisa do BC.<\/p>\n<p>Compras parceladas e cr\u00e9dito pessoal<\/p>\n<p>A taxa m\u00e9dia das compras parceladas com juros, do parcelamento da fatura do cart\u00e3o de cr\u00e9dito e dos saques parcelados, subiu 0,5 ponto percentual e ficou em 149,5% ao ano.<\/p>\n<p>A taxa do cr\u00e9dito pessoal caiu 1,5 ponto percentual indo para 128,3% ao ano. J\u00e1 a taxa do cr\u00e9dito consignado (com desconto em folha de pagamento) diminuiu 0,2 ponto percentual e est\u00e1 hoje em 29,4% ao ano.<\/p>\n<p>A taxa m\u00e9dia de juros cobrada das fam\u00edlias teve redu\u00e7\u00e3o de 0,3 ponto percentual, de maio para junho, quando ficou em 71,4% ao ano. A inadimpl\u00eancia do cr\u00e9dito, considerados atrasos acima de 90 dias, para pessoas f\u00edsicas, teve redu\u00e7\u00e3o de 0,2 ponto percentual e est\u00e1 em 6,1%.<\/p>\n<p>A taxa de inadimpl\u00eancia das empresas tamb\u00e9m caiu 0,2 ponto percentual e ficou em 5,1%. A taxa m\u00e9dia de juros cobrada das pessoas jur\u00eddicas ficou est\u00e1vel: 30,3% ao ano. Esses dados s\u00e3o do cr\u00e9dito livre em que os bancos t\u00eam autonomia para aplicar o dinheiro captado no mercado e definir as taxas de juros.<\/p>\n<p>No caso do cr\u00e9dito direcionado (empr\u00e9stimos com regras definidas pelo governo, destinados, basicamente, aos setores habitacional, rural e de infraestrutura) a taxa de juros para as pessoas f\u00edsicas subiu 0,1 ponto percentual para 10,5% ao ano.<\/p>\n<p>A taxa cobrada das empresas sofreu redu\u00e7\u00e3o de 0,2 ponto percentual indo para 11,7% ao ano. A inadimpl\u00eancia das fam\u00edlias ficou em 1,7%, com queda de 0,4 ponto percentual em rela\u00e7\u00e3o a maio. A taxa de inadimpl\u00eancia das empresas chegou a 1,1%.<\/p>\n<p>O saldo de todas as opera\u00e7\u00f5es de cr\u00e9dito concedido pelos bancos caiu 0,5% em junho e 2,8% no ano. No m\u00eas passado, o saldo ficou em R$ 3,130 trilh\u00f5es. Esse valor correspondeu a 51,9% de tudo o que o pa\u00eds produz \u2013 Produto Interno Bruto (PIB) &#8211; ante o percentual de 52,5% de maio deste ano.<\/p>\n<p>Kelly Oliveira &#8211; Rep\u00f3rter da Ag\u00eancia Brasil<br \/>\nEdi\u00e7\u00e3o: Kleber Sampaio<br \/>\n28\/07\/2016<\/p>\n","protected":false},"excerpt":{"rendered":"<p>A taxa de juros do cheque especial continuou subindo em junho. De acordo com dados do Banco Central (BC), a taxa do cheque especial aumentou 4,7 pontos percentuais de maio para junho, quando chegou a 315,7% ao ano. Essa \u00e9 a maior taxa da s\u00e9rie hist\u00f3rica do BC, iniciada em julho de 1994. Em 2016, [&hellip;]<\/p>\n","protected":false},"author":2,"featured_media":38940,"comment_status":"open","ping_status":"closed","sticky":false,"template":"","format":"standard","meta":{"_genesis_hide_title":false,"_genesis_hide_breadcrumbs":false,"_genesis_hide_singular_image":false,"_genesis_hide_footer_widgets":false,"_genesis_custom_body_class":"","_genesis_custom_post_class":"","_genesis_layout":"","_jetpack_memberships_contains_paid_content":false,"footnotes":""},"categories":[22,7],"tags":[],"class_list":{"0":"post-91451","1":"post","2":"type-post","3":"status-publish","4":"format-standard","5":"has-post-thumbnail","7":"category-brasil","8":"category-economia","9":"entry","10":"gs-1","11":"gs-odd","12":"gs-even","13":"gs-featured-content-entry"},"jetpack_featured_media_url":"https:\/\/www.redenoticia.com.br\/noticia\/imagens\/grafico.jpg","jetpack_sharing_enabled":true,"jetpack_likes_enabled":true,"_links":{"self":[{"href":"https:\/\/www.redenoticia.com.br\/noticia\/wp-json\/wp\/v2\/posts\/91451","targetHints":{"allow":["GET"]}}],"collection":[{"href":"https:\/\/www.redenoticia.com.br\/noticia\/wp-json\/wp\/v2\/posts"}],"about":[{"href":"https:\/\/www.redenoticia.com.br\/noticia\/wp-json\/wp\/v2\/types\/post"}],"author":[{"embeddable":true,"href":"https:\/\/www.redenoticia.com.br\/noticia\/wp-json\/wp\/v2\/users\/2"}],"replies":[{"embeddable":true,"href":"https:\/\/www.redenoticia.com.br\/noticia\/wp-json\/wp\/v2\/comments?post=91451"}],"version-history":[{"count":0,"href":"https:\/\/www.redenoticia.com.br\/noticia\/wp-json\/wp\/v2\/posts\/91451\/revisions"}],"wp:featuredmedia":[{"embeddable":true,"href":"https:\/\/www.redenoticia.com.br\/noticia\/wp-json\/wp\/v2\/media\/38940"}],"wp:attachment":[{"href":"https:\/\/www.redenoticia.com.br\/noticia\/wp-json\/wp\/v2\/media?parent=91451"}],"wp:term":[{"taxonomy":"category","embeddable":true,"href":"https:\/\/www.redenoticia.com.br\/noticia\/wp-json\/wp\/v2\/categories?post=91451"},{"taxonomy":"post_tag","embeddable":true,"href":"https:\/\/www.redenoticia.com.br\/noticia\/wp-json\/wp\/v2\/tags?post=91451"}],"curies":[{"name":"wp","href":"https:\/\/api.w.org\/{rel}","templated":true}]}}