{"id":91324,"date":"2016-07-27T06:41:51","date_gmt":"2016-07-27T09:41:51","guid":{"rendered":"http:\/\/www.redenoticia.com.br\/noticia\/?p=91324"},"modified":"2016-07-26T20:42:43","modified_gmt":"2016-07-26T23:42:43","slug":"financiamento-imobiliario-com-recurso-da-poupanca-cai-495-no-primeiro-semestre","status":"publish","type":"post","link":"https:\/\/www.redenoticia.com.br\/noticia\/2016\/financiamento-imobiliario-com-recurso-da-poupanca-cai-495-no-primeiro-semestre\/91324","title":{"rendered":"Financiamento imobili\u00e1rio com recurso da poupan\u00e7a cai 49,5% no primeiro semestre"},"content":{"rendered":"<p> O <strong><em>financiamento imobili\u00e1rio<\/em><\/strong> com recursos do Sistema Brasileiro de Poupan\u00e7a e Empr\u00e9stimo caiu 49,5% de janeiro a junho deste ano, em compara\u00e7\u00e3o com o primeiro semestre do ano passado, atingindo R$ 22,6 bilh\u00f5es. Nos \u00faltimos 12 meses, os empr\u00e9stimos somaram R$ 53,4 bilh\u00f5es, com queda de 48,9% sobre os 12 meses imediatamente anteriores.<\/p>\n<p>Segundo levantamento da Associa\u00e7\u00e3o Brasileira das Entidades de Cr\u00e9dito Imobili\u00e1rio e Poupan\u00e7a (Abecip), em junho, o montante cresceu 9,5% sobre maio com R$ 4,3 bilh\u00f5es. No entanto, mas comparado a junho de 2015, houve recuo de 27,3%.<\/p>\n<p>As opera\u00e7\u00f5es de cr\u00e9dito indicam que, no primeiro semestre, foram financiadas 100,5 mil unidades, volume 49,7% inferior ao do mesmo per\u00edodo do ano passado (199,9 mil unidades). Nos \u00faltimos 12 meses, foram financiadps 242,1 mil im\u00f3veis, nas modalidades de aquisi\u00e7\u00e3o e constru\u00e7\u00e3o. Em rela\u00e7\u00e3o ao m\u00eas anterior, houve alta de 5,9% no volume de im\u00f3veis e, sobre junho do ano passado, recuo de 23%.<\/p>\n<p>Comparando-se o segundo trimestre com o primeiro, o n\u00famero de unidades financiadas teve expans\u00e3o de 2016, houve crescimento de 10% no n\u00famero de unidades financiadas..<\/p>\n<p>A Abecip informou tamb\u00e9m que os saques nas cadernetas de poupan\u00e7a, mais uma vez, superaram os dep\u00f3sitos em junho, totalizando capta\u00e7\u00e3o l\u00edquida negativa de R$ 2,79 bilh\u00f5es. No semestre, as perdas atingiram R$ 34,7 bilh\u00f5es.<\/p>\n<p>Em nota, a entidade destacou que o resultado deve-se \u00e0s desvantagens de rentabilidade entre a caderneta de poupan\u00e7a e outras modalidades de investimento diante da taxa b\u00e1sica de juros (Selic), que desde julho de 2015 est\u00e1 em 14,25%.<\/p>\n<p>O saldo das cadernetas no Sistema Brasileiro de Poupan\u00e7a e Empr\u00e9stimo em junho ficou em 2,1% abaixo do mesmo m\u00eas do ano passado com um total de R$ 493,3 bilh\u00f5es.<\/p>\n<p>Marli Moreira \u2013 Rep\u00f3rter da Ag\u00eancia Brasil<br \/>\nEdi\u00e7\u00e3o: N\u00e1dia Franco<br \/>\n27\/07\/2016<\/p>\n","protected":false},"excerpt":{"rendered":"<p>O financiamento imobili\u00e1rio com recursos do Sistema Brasileiro de Poupan\u00e7a e Empr\u00e9stimo caiu 49,5% de janeiro a junho deste ano, em compara\u00e7\u00e3o com o primeiro semestre do ano passado, atingindo R$ 22,6 bilh\u00f5es. Nos \u00faltimos 12 meses, os empr\u00e9stimos somaram R$ 53,4 bilh\u00f5es, com queda de 48,9% sobre os 12 meses imediatamente anteriores. Segundo levantamento [&hellip;]<\/p>\n","protected":false},"author":2,"featured_media":57585,"comment_status":"open","ping_status":"closed","sticky":false,"template":"","format":"standard","meta":{"_genesis_hide_title":false,"_genesis_hide_breadcrumbs":false,"_genesis_hide_singular_image":false,"_genesis_hide_footer_widgets":false,"_genesis_custom_body_class":"","_genesis_custom_post_class":"","_genesis_layout":"","_jetpack_memberships_contains_paid_content":false,"footnotes":""},"categories":[22,7],"tags":[],"class_list":{"0":"post-91324","1":"post","2":"type-post","3":"status-publish","4":"format-standard","5":"has-post-thumbnail","7":"category-brasil","8":"category-economia","9":"entry","10":"gs-1","11":"gs-odd","12":"gs-even","13":"gs-featured-content-entry"},"jetpack_featured_media_url":"https:\/\/www.redenoticia.com.br\/noticia\/imagens\/analise-economia.jpg","jetpack_sharing_enabled":true,"jetpack_likes_enabled":true,"_links":{"self":[{"href":"https:\/\/www.redenoticia.com.br\/noticia\/wp-json\/wp\/v2\/posts\/91324","targetHints":{"allow":["GET"]}}],"collection":[{"href":"https:\/\/www.redenoticia.com.br\/noticia\/wp-json\/wp\/v2\/posts"}],"about":[{"href":"https:\/\/www.redenoticia.com.br\/noticia\/wp-json\/wp\/v2\/types\/post"}],"author":[{"embeddable":true,"href":"https:\/\/www.redenoticia.com.br\/noticia\/wp-json\/wp\/v2\/users\/2"}],"replies":[{"embeddable":true,"href":"https:\/\/www.redenoticia.com.br\/noticia\/wp-json\/wp\/v2\/comments?post=91324"}],"version-history":[{"count":0,"href":"https:\/\/www.redenoticia.com.br\/noticia\/wp-json\/wp\/v2\/posts\/91324\/revisions"}],"wp:featuredmedia":[{"embeddable":true,"href":"https:\/\/www.redenoticia.com.br\/noticia\/wp-json\/wp\/v2\/media\/57585"}],"wp:attachment":[{"href":"https:\/\/www.redenoticia.com.br\/noticia\/wp-json\/wp\/v2\/media?parent=91324"}],"wp:term":[{"taxonomy":"category","embeddable":true,"href":"https:\/\/www.redenoticia.com.br\/noticia\/wp-json\/wp\/v2\/categories?post=91324"},{"taxonomy":"post_tag","embeddable":true,"href":"https:\/\/www.redenoticia.com.br\/noticia\/wp-json\/wp\/v2\/tags?post=91324"}],"curies":[{"name":"wp","href":"https:\/\/api.w.org\/{rel}","templated":true}]}}