{"id":91322,"date":"2016-07-27T06:40:48","date_gmt":"2016-07-27T09:40:48","guid":{"rendered":"http:\/\/www.redenoticia.com.br\/noticia\/?p=91322"},"modified":"2016-07-26T20:41:46","modified_gmt":"2016-07-26T23:41:46","slug":"contas-externas-tem-deficit-de-us-2479-bilhoes-em-junho","status":"publish","type":"post","link":"https:\/\/www.redenoticia.com.br\/noticia\/2016\/contas-externas-tem-deficit-de-us-2479-bilhoes-em-junho\/91322","title":{"rendered":"Contas externas t\u00eam d\u00e9ficit de US$ 2,479 bilh\u00f5es em junho"},"content":{"rendered":"<p> Depois de dois meses seguidos de resultado positivo, as <strong><em>contas externas<\/em><\/strong> fecharam junho com d\u00e9ficit de US$ 2,479 bilh\u00f5es, de acordo com dados do Banco Central (BC). No primeiro semestre, o d\u00e9ficit em transa\u00e7\u00f5es correntes, que s\u00e3o as compras e as vendas de mercadorias e servi\u00e7os e transfer\u00eancias de renda do pa\u00eds com outras na\u00e7\u00f5es, ficou em US$ 8,444 bilh\u00f5es, bem menor que o resultado negativo de US$ 37,888 bilh\u00f5es registrado em igual per\u00edodo de 2015.<\/p>\n<p>No balan\u00e7o das transa\u00e7\u00f5es correntes, a conta de renda prim\u00e1ria (lucros e dividendos, pagamentos de juros e sal\u00e1rios) apresentou saldo negativo de US$ 2,873 bilh\u00f5es, no m\u00eas passado, e US$ 17,554 bilh\u00f5es no primeiro semestre.<\/p>\n<p>A conta de servi\u00e7os (viagens internacionais, transportes, aluguel de equipamentos, seguros, entre outros) acusou resultado negativo de US$ 3,594 bilh\u00f5es em junho, e US$ 14,817 bilh\u00f5es nos seis meses do ano.<\/p>\n<p>A conta de renda secund\u00e1ria (renda gerada em uma economia e distribu\u00edda para outra, como doa\u00e7\u00f5es e remessas de d\u00f3lares, sem contrapartida de servi\u00e7os ou bens) registrou resultado positivo de US$ 234 milh\u00f5es no m\u00eas passado, e de US$ 1,479 bilh\u00e3o no primeiro semestre.<\/p>\n<p>A balan\u00e7a comercial teve super\u00e1vit de US$ 3,755 bilh\u00f5es, em junho, e US$ 22,448 bilh\u00f5es no primeiro semestre.<\/p>\n<p>Investimento estrangeiro<\/p>\n<p>Em junho, o investimento direto no pa\u00eds (IDP), recursos que entram no Brasil e v\u00e3o para o setor produtivo da economia, chegou a US$ 3,917 bilh\u00f5es, resultado menor que o de igual m\u00eas de 2015 &#8211; US$ 5,397 bilh\u00f5es. Nos seis meses do ano, esses investimentos somaram US$ 33,816 bilh\u00f5es, ante US$ 30,932 bilh\u00f5es em igual per\u00edodo de 2015.<\/p>\n<p>O pa\u00eds tamb\u00e9m registrou entrada de investimento em a\u00e7\u00f5es negociadas em bolsas de valores no Brasil e no exterior e em fundos de investimento no total de US$ 2,162 bilh\u00f5es em junho, e US$ 5,988 bilh\u00f5es no primeiro semestre. O investimento t\u00edtulos negociados no pa\u00eds ficou em US$ 1,071 bilh\u00e3o em junho, mas nos seis meses do ano houve mais sa\u00edda do que entrada de investimentos, o que resultou no saldo negativo de US$ 11,389 bilh\u00f5es.<\/p>\n<p>Kelly Oliveira &#8211; Rep\u00f3rter da Ag\u00eancia Brasil<br \/>\nEdi\u00e7\u00e3o: Kleber Sampaio<br \/>\n27\/07\/2016<\/p>\n","protected":false},"excerpt":{"rendered":"<p>Depois de dois meses seguidos de resultado positivo, as contas externas fecharam junho com d\u00e9ficit de US$ 2,479 bilh\u00f5es, de acordo com dados do Banco Central (BC). No primeiro semestre, o d\u00e9ficit em transa\u00e7\u00f5es correntes, que s\u00e3o as compras e as vendas de mercadorias e servi\u00e7os e transfer\u00eancias de renda do pa\u00eds com outras na\u00e7\u00f5es, [&hellip;]<\/p>\n","protected":false},"author":2,"featured_media":57583,"comment_status":"open","ping_status":"closed","sticky":false,"template":"","format":"standard","meta":{"_genesis_hide_title":false,"_genesis_hide_breadcrumbs":false,"_genesis_hide_singular_image":false,"_genesis_hide_footer_widgets":false,"_genesis_custom_body_class":"","_genesis_custom_post_class":"","_genesis_layout":"","_jetpack_memberships_contains_paid_content":false,"footnotes":""},"categories":[22,7],"tags":[],"class_list":{"0":"post-91322","1":"post","2":"type-post","3":"status-publish","4":"format-standard","5":"has-post-thumbnail","7":"category-brasil","8":"category-economia","9":"entry","10":"gs-1","11":"gs-odd","12":"gs-even","13":"gs-featured-content-entry"},"jetpack_featured_media_url":"https:\/\/www.redenoticia.com.br\/noticia\/imagens\/economia-grafico.jpg","jetpack_sharing_enabled":true,"jetpack_likes_enabled":true,"_links":{"self":[{"href":"https:\/\/www.redenoticia.com.br\/noticia\/wp-json\/wp\/v2\/posts\/91322","targetHints":{"allow":["GET"]}}],"collection":[{"href":"https:\/\/www.redenoticia.com.br\/noticia\/wp-json\/wp\/v2\/posts"}],"about":[{"href":"https:\/\/www.redenoticia.com.br\/noticia\/wp-json\/wp\/v2\/types\/post"}],"author":[{"embeddable":true,"href":"https:\/\/www.redenoticia.com.br\/noticia\/wp-json\/wp\/v2\/users\/2"}],"replies":[{"embeddable":true,"href":"https:\/\/www.redenoticia.com.br\/noticia\/wp-json\/wp\/v2\/comments?post=91322"}],"version-history":[{"count":0,"href":"https:\/\/www.redenoticia.com.br\/noticia\/wp-json\/wp\/v2\/posts\/91322\/revisions"}],"wp:featuredmedia":[{"embeddable":true,"href":"https:\/\/www.redenoticia.com.br\/noticia\/wp-json\/wp\/v2\/media\/57583"}],"wp:attachment":[{"href":"https:\/\/www.redenoticia.com.br\/noticia\/wp-json\/wp\/v2\/media?parent=91322"}],"wp:term":[{"taxonomy":"category","embeddable":true,"href":"https:\/\/www.redenoticia.com.br\/noticia\/wp-json\/wp\/v2\/categories?post=91322"},{"taxonomy":"post_tag","embeddable":true,"href":"https:\/\/www.redenoticia.com.br\/noticia\/wp-json\/wp\/v2\/tags?post=91322"}],"curies":[{"name":"wp","href":"https:\/\/api.w.org\/{rel}","templated":true}]}}