{"id":91318,"date":"2016-07-27T06:31:15","date_gmt":"2016-07-27T09:31:15","guid":{"rendered":"http:\/\/www.redenoticia.com.br\/noticia\/?p=91318"},"modified":"2016-07-26T20:39:46","modified_gmt":"2016-07-26T23:39:46","slug":"alimentos-sobem-menos-e-aliviam-inflacao-do-ipc-em-sao-paulo","status":"publish","type":"post","link":"https:\/\/www.redenoticia.com.br\/noticia\/2016\/alimentos-sobem-menos-e-aliviam-inflacao-do-ipc-em-sao-paulo\/91318","title":{"rendered":"Alimentos sobem menos e aliviam infla\u00e7\u00e3o do IPC em S\u00e3o Paulo"},"content":{"rendered":"<p> O <strong><em>\u00cdndice de Pre\u00e7os ao Consumidor<\/em><\/strong> (IPC), medido pela Funda\u00e7\u00e3o Instituto de Pesquisas Econ\u00f4micas (Fipe), na cidade de S\u00e3o Paulo, desacelerou ao passar de 0,85% (na segunda pr\u00e9via de julho) para 0,72%, na terceira apura\u00e7\u00e3o de julho. O resultado foi influenciado, principalmente, pelo grupo dos alimentos, que apresentou alta de 1,69% ante 2,13%.<\/p>\n<p>Tamb\u00e9m perderam for\u00e7a os reajustes de pre\u00e7os nos grupos habita\u00e7\u00e3o (de 0,66% para 0,53%) e transportes (de 0,13% para 0,09%). Al\u00e9m disso, houve uma intensifica\u00e7\u00e3o no recuo dos itens do vestu\u00e1rio (de -0,29% para -0,65%).<\/p>\n<p>Nos tr\u00eas grupos restantes, foram constatadas eleva\u00e7\u00f5es no ritmo de corre\u00e7\u00f5es. Em despesas pessoais, o \u00edndice subiu de 0,38% para 0,49%; em sa\u00fade (de 0,93% para 1,32%) e em educa\u00e7\u00e3o (de 0,42% para 0,87%).<\/p>\n<p>O IPC da Fipe refere-se \u00e0 varia\u00e7\u00e3o de pre\u00e7os dos bens e servi\u00e7os consumidos pelos moradores da capital paulista com renda entre um e 10 sal\u00e1rios m\u00ednimos.<\/p>\n<p>Marli Moreira &#8211; Rep\u00f3rter da Ag\u00eancia Brasil<br \/>\nEdi\u00e7\u00e3o: Kleber Sampaio<br \/>\n27\/07\/2016<br \/>\n&#8212;<br \/>\nA Empresa Brasil de Comunica\u00e7\u00e3o \u00e9 uma institui\u00e7\u00e3o da democracia brasileira: p\u00fablica, inclusiva e cidad\u00e3.  Criada em 2007 para fortalecer o sistema p\u00fablico de comunica\u00e7\u00e3o, \u00e9 gestora dos canais TV Brasil, TV Brasil Internacional, Ag\u00eancia Brasil, Radioag\u00eancia Nacional e do sistema p\u00fablico de R\u00e1dio \u2013 composto por oito emissoras. Estes, por sua independ\u00eancia editorial, distinguem-se dos canais estatais ou governamentais, com conte\u00fados diferenciados e complementares aos canais privados. Os ve\u00edculos da EBC t\u00eam autonomia para definir produ\u00e7\u00e3o, programa\u00e7\u00e3o e distribui\u00e7\u00e3o de conte\u00fados.<\/p>\n","protected":false},"excerpt":{"rendered":"<p>O \u00cdndice de Pre\u00e7os ao Consumidor (IPC), medido pela Funda\u00e7\u00e3o Instituto de Pesquisas Econ\u00f4micas (Fipe), na cidade de S\u00e3o Paulo, desacelerou ao passar de 0,85% (na segunda pr\u00e9via de julho) para 0,72%, na terceira apura\u00e7\u00e3o de julho. O resultado foi influenciado, principalmente, pelo grupo dos alimentos, que apresentou alta de 1,69% ante 2,13%. Tamb\u00e9m perderam [&hellip;]<\/p>\n","protected":false},"author":2,"featured_media":34916,"comment_status":"open","ping_status":"closed","sticky":false,"template":"","format":"standard","meta":{"_genesis_hide_title":false,"_genesis_hide_breadcrumbs":false,"_genesis_hide_singular_image":false,"_genesis_hide_footer_widgets":false,"_genesis_custom_body_class":"","_genesis_custom_post_class":"","_genesis_layout":"","_jetpack_memberships_contains_paid_content":false,"footnotes":""},"categories":[22,7],"tags":[],"class_list":{"0":"post-91318","1":"post","2":"type-post","3":"status-publish","4":"format-standard","5":"has-post-thumbnail","7":"category-brasil","8":"category-economia","9":"entry","10":"gs-1","11":"gs-odd","12":"gs-even","13":"gs-featured-content-entry"},"jetpack_featured_media_url":"https:\/\/www.redenoticia.com.br\/noticia\/imagens\/inflacao.jpg","jetpack_sharing_enabled":true,"jetpack_likes_enabled":true,"_links":{"self":[{"href":"https:\/\/www.redenoticia.com.br\/noticia\/wp-json\/wp\/v2\/posts\/91318","targetHints":{"allow":["GET"]}}],"collection":[{"href":"https:\/\/www.redenoticia.com.br\/noticia\/wp-json\/wp\/v2\/posts"}],"about":[{"href":"https:\/\/www.redenoticia.com.br\/noticia\/wp-json\/wp\/v2\/types\/post"}],"author":[{"embeddable":true,"href":"https:\/\/www.redenoticia.com.br\/noticia\/wp-json\/wp\/v2\/users\/2"}],"replies":[{"embeddable":true,"href":"https:\/\/www.redenoticia.com.br\/noticia\/wp-json\/wp\/v2\/comments?post=91318"}],"version-history":[{"count":0,"href":"https:\/\/www.redenoticia.com.br\/noticia\/wp-json\/wp\/v2\/posts\/91318\/revisions"}],"wp:featuredmedia":[{"embeddable":true,"href":"https:\/\/www.redenoticia.com.br\/noticia\/wp-json\/wp\/v2\/media\/34916"}],"wp:attachment":[{"href":"https:\/\/www.redenoticia.com.br\/noticia\/wp-json\/wp\/v2\/media?parent=91318"}],"wp:term":[{"taxonomy":"category","embeddable":true,"href":"https:\/\/www.redenoticia.com.br\/noticia\/wp-json\/wp\/v2\/categories?post=91318"},{"taxonomy":"post_tag","embeddable":true,"href":"https:\/\/www.redenoticia.com.br\/noticia\/wp-json\/wp\/v2\/tags?post=91318"}],"curies":[{"name":"wp","href":"https:\/\/api.w.org\/{rel}","templated":true}]}}