{"id":91218,"date":"2016-07-26T06:19:28","date_gmt":"2016-07-26T09:19:28","guid":{"rendered":"http:\/\/www.redenoticia.com.br\/noticia\/?p=91218"},"modified":"2016-07-25T19:21:44","modified_gmt":"2016-07-25T22:21:44","slug":"inadimplencia-de-empresas-aumenta-1234-em-junho-em-relacao-a-mesmo-mes-de-2015","status":"publish","type":"post","link":"https:\/\/www.redenoticia.com.br\/noticia\/2016\/inadimplencia-de-empresas-aumenta-1234-em-junho-em-relacao-a-mesmo-mes-de-2015\/91218","title":{"rendered":"Inadimpl\u00eancia de empresas aumenta 12,34% em junho em rela\u00e7\u00e3o a mesmo m\u00eas de 2015"},"content":{"rendered":"<p> A <strong><em>inadimpl\u00eancia das empresas<\/em><\/strong> aumentou 12,34% em junho em compara\u00e7\u00e3o com o mesmo m\u00eas do ano passado. Os dados do Servi\u00e7o de Prote\u00e7\u00e3o ao Cr\u00e9dito (SPC Brasil) e da Confedera\u00e7\u00e3o Nacional de Dirigentes Lojistas (CNDL) se referem ao n\u00famero de empresas devedoras em quatro regi\u00f5es pesquisadas \u2013 Centro-Oeste, Norte, Nordeste e Sul. A regi\u00e3o Sudeste n\u00e3o foi considerada devido \u00e0 Lei Estadual n\u00ba 15.659 que vigora no estado de S\u00e3o Paulo e dificulta a negativa\u00e7\u00e3o de pessoas f\u00edsicas e jur\u00eddicas no estado, informou o SPC Brasil.<\/p>\n<p>Entre as quatro regi\u00f5es analisadas, o Nordeste foi a que apresentou a maior varia\u00e7\u00e3o do n\u00famero de empresas com o CNPJ registrado nas listas de negativados: um avan\u00e7o anual de 14,31%. No Centro-Oeste, a inadimpl\u00eancia de pessoas jur\u00eddicas tamb\u00e9m registrou forte avan\u00e7o, crescendo 12,69% na compara\u00e7\u00e3o entre junho e o mesmo m\u00eas do ano anterior. As regi\u00f5es Sul e Norte apresentaram varia\u00e7\u00f5es menores do n\u00famero de devedores: 10,66% e 10,05%, respectivamente.<\/p>\n<p>O setor credor de Servi\u00e7os, que inclui os bancos e financeiras, lidera a participa\u00e7\u00e3o no total de d\u00edvidas em atraso das empresas em todas as regi\u00f5es pesquisadas, ou seja, \u00e9 o segmento para quem as empresas mais est\u00e3o devendo. Nas quatro regi\u00f5es analisadas, o setor concentra mais da metade das d\u00edvidas, sendo que no Sul a parcela corresponde a 71,73%. O segundo maior credor em todas as regi\u00f5es analisadas \u00e9 o setor de Com\u00e9rcio.<\/p>\n<p>Da Ag\u00eancia Brasil<br \/>\nEdi\u00e7\u00e3o: Maria Claudia<br \/>\n26\/07\/2016 <\/p>\n","protected":false},"excerpt":{"rendered":"<p>A inadimpl\u00eancia das empresas aumentou 12,34% em junho em compara\u00e7\u00e3o com o mesmo m\u00eas do ano passado. Os dados do Servi\u00e7o de Prote\u00e7\u00e3o ao Cr\u00e9dito (SPC Brasil) e da Confedera\u00e7\u00e3o Nacional de Dirigentes Lojistas (CNDL) se referem ao n\u00famero de empresas devedoras em quatro regi\u00f5es pesquisadas \u2013 Centro-Oeste, Norte, Nordeste e Sul. A regi\u00e3o Sudeste [&hellip;]<\/p>\n","protected":false},"author":2,"featured_media":57582,"comment_status":"open","ping_status":"closed","sticky":false,"template":"","format":"standard","meta":{"_genesis_hide_title":false,"_genesis_hide_breadcrumbs":false,"_genesis_hide_singular_image":false,"_genesis_hide_footer_widgets":false,"_genesis_custom_body_class":"","_genesis_custom_post_class":"","_genesis_layout":"","_jetpack_memberships_contains_paid_content":false,"footnotes":""},"categories":[22,7],"tags":[],"class_list":{"0":"post-91218","1":"post","2":"type-post","3":"status-publish","4":"format-standard","5":"has-post-thumbnail","7":"category-brasil","8":"category-economia","9":"entry","10":"gs-1","11":"gs-odd","12":"gs-even","13":"gs-featured-content-entry"},"jetpack_featured_media_url":"https:\/\/www.redenoticia.com.br\/noticia\/imagens\/grafico1.jpg","jetpack_sharing_enabled":true,"jetpack_likes_enabled":true,"_links":{"self":[{"href":"https:\/\/www.redenoticia.com.br\/noticia\/wp-json\/wp\/v2\/posts\/91218","targetHints":{"allow":["GET"]}}],"collection":[{"href":"https:\/\/www.redenoticia.com.br\/noticia\/wp-json\/wp\/v2\/posts"}],"about":[{"href":"https:\/\/www.redenoticia.com.br\/noticia\/wp-json\/wp\/v2\/types\/post"}],"author":[{"embeddable":true,"href":"https:\/\/www.redenoticia.com.br\/noticia\/wp-json\/wp\/v2\/users\/2"}],"replies":[{"embeddable":true,"href":"https:\/\/www.redenoticia.com.br\/noticia\/wp-json\/wp\/v2\/comments?post=91218"}],"version-history":[{"count":0,"href":"https:\/\/www.redenoticia.com.br\/noticia\/wp-json\/wp\/v2\/posts\/91218\/revisions"}],"wp:featuredmedia":[{"embeddable":true,"href":"https:\/\/www.redenoticia.com.br\/noticia\/wp-json\/wp\/v2\/media\/57582"}],"wp:attachment":[{"href":"https:\/\/www.redenoticia.com.br\/noticia\/wp-json\/wp\/v2\/media?parent=91218"}],"wp:term":[{"taxonomy":"category","embeddable":true,"href":"https:\/\/www.redenoticia.com.br\/noticia\/wp-json\/wp\/v2\/categories?post=91218"},{"taxonomy":"post_tag","embeddable":true,"href":"https:\/\/www.redenoticia.com.br\/noticia\/wp-json\/wp\/v2\/tags?post=91218"}],"curies":[{"name":"wp","href":"https:\/\/api.w.org\/{rel}","templated":true}]}}