{"id":91216,"date":"2016-07-26T06:18:06","date_gmt":"2016-07-26T09:18:06","guid":{"rendered":"http:\/\/www.redenoticia.com.br\/noticia\/?p=91216"},"modified":"2016-07-25T19:19:23","modified_gmt":"2016-07-25T22:19:23","slug":"divida-publica-federal-sobe-277-e-chega-a-r-2958-trilhoes","status":"publish","type":"post","link":"https:\/\/www.redenoticia.com.br\/noticia\/2016\/divida-publica-federal-sobe-277-e-chega-a-r-2958-trilhoes\/91216","title":{"rendered":"D\u00edvida P\u00fablica Federal sobe 2,77% e chega a R$ 2,958 trilh\u00f5es"},"content":{"rendered":"<p> A <strong><em>D\u00edvida P\u00fablica Federal<\/em><\/strong> (DPF) apresentou aumento, em termos nominais, de 2,77%, em junho na compara\u00e7\u00e3o com maio, ao passar de R$ 2,878 trilh\u00f5es para R$ 2,958 trilh\u00f5es. Os dados, que incluem o endividamento interno e externo, foram divulgados pelo Tesouro Nacional.<\/p>\n<p>O endividamento do Tesouro pode ocorrer por meio da oferta de t\u00edtulos p\u00fablicos em leil\u00f5es, pela internet (Tesouro Direto) ou pela emiss\u00e3o direta. Outro fator de eleva\u00e7\u00e3o pode ocorrer em raz\u00e3o da assinatura de contratos de empr\u00e9stimo. Em junho, as emiss\u00f5es da DPF corresponderam a R$ 64,18 bilh\u00f5es, enquanto os resgates alcan\u00e7aram R$ 3,07 bilh\u00f5es, resultando em emiss\u00e3o l\u00edquida de R$ 61,11 bilh\u00f5es.<\/p>\n<p>&#8220;Foi a maior emiss\u00e3o l\u00edquida desde junho de 2015&#8221;, informou o coordenador-geral de Opera\u00e7\u00f5es da D\u00edvida P\u00fablica, do Tesouro Nacional, Leandro Secunho.<\/p>\n<p>A D\u00edvida P\u00fablica Mobili\u00e1ria Federal interna (Dpmfi) teve o estoque ampliado em 3,41% ao passar de R$ 2,744 trilh\u00f5es para R$ 2,837 trilh\u00f5es. A Dpmfi \u00e9 a d\u00edvida p\u00fablica federal interna em circula\u00e7\u00e3o no mercado nacional.<\/p>\n<p>Estoque<\/p>\n<p>Com rela\u00e7\u00e3o ao estoque da D\u00edvida P\u00fablica Federal Externa (DPFe), houve redu\u00e7\u00e3o de 10,34% na compara\u00e7\u00e3o com o resultado do m\u00eas anterior, chegando a R$ 120,77 bilh\u00f5es, equivalentes a US$ 37,63 bilh\u00f5es. Desse total, R$ 110,70 bilh\u00f5es (US$ 34,49 bilh\u00f5es) referem-se \u00e0 d\u00edvida mobili\u00e1ria (t\u00edtulos), e R$ 10,07 bilh\u00f5es (US$ 3,14 bilh\u00f5es), \u00e0 d\u00edvida contratual. A DPFe \u00e9 a d\u00edvida existente no mercado internacional paga em outras moedas. De acordo com o Tesouro Nacional, a varia\u00e7\u00e3o da DPFe deveu-se principalmente pela valoriza\u00e7\u00e3o do real em rela\u00e7\u00e3o a moedas que comp\u00f5em o estoque da d\u00edvida externa.<\/p>\n<p>De acordo com o Plano Anual de Financiamento (PAF), o governo estima a D\u00edvida P\u00fablica Federal, em 2016, entre R$ 3,1 trilh\u00f5es e R$ 3,3 trilh\u00f5es.<\/p>\n<p>Daniel Lima &#8211; Rep\u00f3rter da Ag\u00eancia Brasil<br \/>\nEdi\u00e7\u00e3o: Kleber Sampaio<br \/>\n26\/07\/2016<\/p>\n","protected":false},"excerpt":{"rendered":"<p>A D\u00edvida P\u00fablica Federal (DPF) apresentou aumento, em termos nominais, de 2,77%, em junho na compara\u00e7\u00e3o com maio, ao passar de R$ 2,878 trilh\u00f5es para R$ 2,958 trilh\u00f5es. Os dados, que incluem o endividamento interno e externo, foram divulgados pelo Tesouro Nacional. O endividamento do Tesouro pode ocorrer por meio da oferta de t\u00edtulos p\u00fablicos [&hellip;]<\/p>\n","protected":false},"author":2,"featured_media":57583,"comment_status":"open","ping_status":"closed","sticky":false,"template":"","format":"standard","meta":{"_genesis_hide_title":false,"_genesis_hide_breadcrumbs":false,"_genesis_hide_singular_image":false,"_genesis_hide_footer_widgets":false,"_genesis_custom_body_class":"","_genesis_custom_post_class":"","_genesis_layout":"","_jetpack_memberships_contains_paid_content":false,"footnotes":""},"categories":[22,7],"tags":[],"class_list":{"0":"post-91216","1":"post","2":"type-post","3":"status-publish","4":"format-standard","5":"has-post-thumbnail","7":"category-brasil","8":"category-economia","9":"entry","10":"gs-1","11":"gs-odd","12":"gs-even","13":"gs-featured-content-entry"},"jetpack_featured_media_url":"https:\/\/www.redenoticia.com.br\/noticia\/imagens\/economia-grafico.jpg","jetpack_sharing_enabled":true,"jetpack_likes_enabled":true,"_links":{"self":[{"href":"https:\/\/www.redenoticia.com.br\/noticia\/wp-json\/wp\/v2\/posts\/91216","targetHints":{"allow":["GET"]}}],"collection":[{"href":"https:\/\/www.redenoticia.com.br\/noticia\/wp-json\/wp\/v2\/posts"}],"about":[{"href":"https:\/\/www.redenoticia.com.br\/noticia\/wp-json\/wp\/v2\/types\/post"}],"author":[{"embeddable":true,"href":"https:\/\/www.redenoticia.com.br\/noticia\/wp-json\/wp\/v2\/users\/2"}],"replies":[{"embeddable":true,"href":"https:\/\/www.redenoticia.com.br\/noticia\/wp-json\/wp\/v2\/comments?post=91216"}],"version-history":[{"count":0,"href":"https:\/\/www.redenoticia.com.br\/noticia\/wp-json\/wp\/v2\/posts\/91216\/revisions"}],"wp:featuredmedia":[{"embeddable":true,"href":"https:\/\/www.redenoticia.com.br\/noticia\/wp-json\/wp\/v2\/media\/57583"}],"wp:attachment":[{"href":"https:\/\/www.redenoticia.com.br\/noticia\/wp-json\/wp\/v2\/media?parent=91216"}],"wp:term":[{"taxonomy":"category","embeddable":true,"href":"https:\/\/www.redenoticia.com.br\/noticia\/wp-json\/wp\/v2\/categories?post=91216"},{"taxonomy":"post_tag","embeddable":true,"href":"https:\/\/www.redenoticia.com.br\/noticia\/wp-json\/wp\/v2\/tags?post=91216"}],"curies":[{"name":"wp","href":"https:\/\/api.w.org\/{rel}","templated":true}]}}