{"id":91212,"date":"2016-07-26T06:14:51","date_gmt":"2016-07-26T09:14:51","guid":{"rendered":"http:\/\/www.redenoticia.com.br\/noticia\/?p=91212"},"modified":"2016-07-25T19:16:19","modified_gmt":"2016-07-25T22:16:19","slug":"mercado-financeiro-reduz-de-726-para-721-projecao-da-inflacao-em-2016","status":"publish","type":"post","link":"https:\/\/www.redenoticia.com.br\/noticia\/2016\/mercado-financeiro-reduz-de-726-para-721-projecao-da-inflacao-em-2016\/91212","title":{"rendered":"Mercado financeiro reduz de 7,26% para 7,21% proje\u00e7\u00e3o da infla\u00e7\u00e3o em 2016"},"content":{"rendered":"<p> Institui\u00e7\u00f5es financeiras consultadas pelo Banco Central (BC) ajustaram a proje\u00e7\u00e3o para a <strong><em>infla\u00e7\u00e3o<\/em><\/strong> &#8211; medida pelo \u00cdndice Nacional de Pre\u00e7os ao Consumidor Amplo (IPCA) &#8211; de 7,26% para 7,21%, este ano. Para 2017, a proje\u00e7\u00e3o foi alterada de 5,30% para 5,29%. As estimativas fazem parte do boletim Focus, uma publica\u00e7\u00e3o elaborada todas as semanas pelo BC, com proje\u00e7\u00f5es para os principais indicadores econ\u00f4micos.<\/p>\n<p>As estimativas para os dois anos est\u00e3o acima do centro da meta de infla\u00e7\u00e3o, de 4,5%, que tem que ser perseguida pelo BC. A proje\u00e7\u00e3o para este ano tamb\u00e9m supera o limite superior da meta: 6,5%. Em 2017, o m\u00e1ximo que a infla\u00e7\u00e3o pode chegar \u00e9 6%, de acordo com a meta estabelecida pelo Conselho Monet\u00e1rio Nacional (CMN).<\/p>\n<p>O BC tem que encontrar equil\u00edbrio ao tomar decis\u00f5es sobre a taxa b\u00e1sica de juros, de modo a fazer com que a infla\u00e7\u00e3o fique dentro da meta estabelecida pelo CMN.<\/p>\n<p>Taxa Selic<\/p>\n<p>O principal instrumento usado pelo BC para controlar a infla\u00e7\u00e3o \u00e9 a taxa b\u00e1sica de juros, a Selic, atualmente em 14,25% ao ano. Quando o Comit\u00ea de Pol\u00edtica Monet\u00e1ria (Copom) do Banco Central aumenta a Selic, a meta \u00e9 conter a demanda aquecida, e isso gera reflexos nos pre\u00e7os, porque os juros mais altos encarecem o cr\u00e9dito e estimulam a poupan\u00e7a. J\u00e1 quando o Copom reduz os juros b\u00e1sicos, a tend\u00eancia \u00e9 que o cr\u00e9dito fique mais barato, com incentivo \u00e0 produ\u00e7\u00e3o e ao consumo, mas a medida alivia o controle sobre a infla\u00e7\u00e3o. Quando mant\u00e9m a taxa, o Copom considera que ajustes anteriores foram suficientes para alcan\u00e7ar o objetivo de controlar a infla\u00e7\u00e3o.<\/p>\n<p> A expectativa das institui\u00e7\u00f5es financeiras \u00e9 que a Selic termine este ano em 13% ao ano e 2017 em 11% ao ano. Atualmente, a Selic est\u00e1 em 14,25% ao ano, mantida nesse patamar na reuni\u00e3o do Copom da semana passada. <\/p>\n<p>PIB e d\u00f3lar<\/p>\n<p>A estimativa de institui\u00e7\u00f5es financeiras para a queda do Produto Interno Bruto (PIB), soma de todos os bens e servi\u00e7os produzidos no pa\u00eds, foi ajustada de 3,25% para 3,27%, neste ano. Para 2017, a estimativa de crescimento segue em 1,1%.<\/p>\n<p>A proje\u00e7\u00e3o para a cota\u00e7\u00e3o do d\u00f3lar foi alterada de R$ 3,39 para R$ 3,34, no fim deste ano, e permanece em R$ 3,50, no fim de 2017.<\/p>\n<p>Kelly Oliveira \u2013 Rep\u00f3rter da Ag\u00eancia Brasil<br \/>\nEdi\u00e7\u00e3o: Kleber Sampaio<br \/>\n26\/07\/2016<\/p>\n","protected":false},"excerpt":{"rendered":"<p>Institui\u00e7\u00f5es financeiras consultadas pelo Banco Central (BC) ajustaram a proje\u00e7\u00e3o para a infla\u00e7\u00e3o &#8211; medida pelo \u00cdndice Nacional de Pre\u00e7os ao Consumidor Amplo (IPCA) &#8211; de 7,26% para 7,21%, este ano. Para 2017, a proje\u00e7\u00e3o foi alterada de 5,30% para 5,29%. As estimativas fazem parte do boletim Focus, uma publica\u00e7\u00e3o elaborada todas as semanas pelo [&hellip;]<\/p>\n","protected":false},"author":2,"featured_media":57584,"comment_status":"open","ping_status":"closed","sticky":false,"template":"","format":"standard","meta":{"_genesis_hide_title":false,"_genesis_hide_breadcrumbs":false,"_genesis_hide_singular_image":false,"_genesis_hide_footer_widgets":false,"_genesis_custom_body_class":"","_genesis_custom_post_class":"","_genesis_layout":"","_jetpack_memberships_contains_paid_content":false,"footnotes":""},"categories":[22,7],"tags":[],"class_list":{"0":"post-91212","1":"post","2":"type-post","3":"status-publish","4":"format-standard","5":"has-post-thumbnail","7":"category-brasil","8":"category-economia","9":"entry","10":"gs-1","11":"gs-odd","12":"gs-even","13":"gs-featured-content-entry"},"jetpack_featured_media_url":"https:\/\/www.redenoticia.com.br\/noticia\/imagens\/economia-grafica-analise-inflacao.jpg","jetpack_sharing_enabled":true,"jetpack_likes_enabled":true,"_links":{"self":[{"href":"https:\/\/www.redenoticia.com.br\/noticia\/wp-json\/wp\/v2\/posts\/91212","targetHints":{"allow":["GET"]}}],"collection":[{"href":"https:\/\/www.redenoticia.com.br\/noticia\/wp-json\/wp\/v2\/posts"}],"about":[{"href":"https:\/\/www.redenoticia.com.br\/noticia\/wp-json\/wp\/v2\/types\/post"}],"author":[{"embeddable":true,"href":"https:\/\/www.redenoticia.com.br\/noticia\/wp-json\/wp\/v2\/users\/2"}],"replies":[{"embeddable":true,"href":"https:\/\/www.redenoticia.com.br\/noticia\/wp-json\/wp\/v2\/comments?post=91212"}],"version-history":[{"count":0,"href":"https:\/\/www.redenoticia.com.br\/noticia\/wp-json\/wp\/v2\/posts\/91212\/revisions"}],"wp:featuredmedia":[{"embeddable":true,"href":"https:\/\/www.redenoticia.com.br\/noticia\/wp-json\/wp\/v2\/media\/57584"}],"wp:attachment":[{"href":"https:\/\/www.redenoticia.com.br\/noticia\/wp-json\/wp\/v2\/media?parent=91212"}],"wp:term":[{"taxonomy":"category","embeddable":true,"href":"https:\/\/www.redenoticia.com.br\/noticia\/wp-json\/wp\/v2\/categories?post=91212"},{"taxonomy":"post_tag","embeddable":true,"href":"https:\/\/www.redenoticia.com.br\/noticia\/wp-json\/wp\/v2\/tags?post=91212"}],"curies":[{"name":"wp","href":"https:\/\/api.w.org\/{rel}","templated":true}]}}