{"id":91073,"date":"2016-07-25T10:01:08","date_gmt":"2016-07-25T13:01:08","guid":{"rendered":"http:\/\/www.redenoticia.com.br\/noticia\/?p=91073"},"modified":"2016-07-22T19:14:02","modified_gmt":"2016-07-22T22:14:02","slug":"franca-pede-reforco-da-seguranca-em-suas-representacoes-no-brasil","status":"publish","type":"post","link":"https:\/\/www.redenoticia.com.br\/noticia\/2016\/franca-pede-reforco-da-seguranca-em-suas-representacoes-no-brasil\/91073","title":{"rendered":"Fran\u00e7a pede refor\u00e7o da seguran\u00e7a em suas representa\u00e7\u00f5es no Brasil"},"content":{"rendered":"<p> O Minist\u00e9rio das Rela\u00e7\u00f5es Exteriores confirmou ter recebido um pedido do governo da Fran\u00e7a para refor\u00e7ar a seguran\u00e7a em representa\u00e7\u00f5es do pa\u00eds no Brasil, que inclui embaixada, consulados, escolas francesas e alian\u00e7as francesas. De acordo com a assessoria do minist\u00e9rio, o pedido foi encaminhado \u00e0s secretarias de seguran\u00e7a p\u00fablica de estados que t\u00eam uma ou mais <strong><em>representa\u00e7\u00f5es francesas<\/em><\/strong>.<\/p>\n<p>Al\u00e9m do Distrito Federal, o Itamaraty encaminhou o pedido para os estados do Amazonas, Par\u00e1, Maranh\u00e3o, Cear\u00e1, Rio Grande do Norte, Para\u00edba, Pernambuco, Alagoas, Sergipe, Bahia, Minas Gerais, Esp\u00edrito Santo, Goi\u00e1s, Rio de Janeiro, S\u00e3o Paulo, Mato Grosso do Sul, Paran\u00e1, Santa Catarina e Rio Grande do Sul.<\/p>\n<p> Segundo o Itamaraty, o governo franc\u00eas n\u00e3o deu justificativas para o pedido. <\/p>\n<p>Marcelo Brand\u00e3o \u2013 Rep\u00f3rter da Ag\u00eancia Brasil<br \/>\nEdi\u00e7\u00e3o: Jorge Wamburg<br \/>\n25\/07\/2016<br \/>\n&#8212;<br \/>\nA Empresa Brasil de Comunica\u00e7\u00e3o \u00e9 uma institui\u00e7\u00e3o da democracia brasileira: p\u00fablica, inclusiva e cidad\u00e3.  Criada em 2007 para fortalecer o sistema p\u00fablico de comunica\u00e7\u00e3o, \u00e9 gestora dos canais TV Brasil, TV Brasil Internacional, Ag\u00eancia Brasil, Radioag\u00eancia Nacional e do sistema p\u00fablico de R\u00e1dio \u2013 composto por oito emissoras. Estes, por sua independ\u00eancia editorial, distinguem-se dos canais estatais ou governamentais, com conte\u00fados diferenciados e complementares aos canais privados. Os ve\u00edculos da EBC t\u00eam autonomia para definir produ\u00e7\u00e3o, programa\u00e7\u00e3o e distribui\u00e7\u00e3o de conte\u00fados.<\/p>\n","protected":false},"excerpt":{"rendered":"<p>O Minist\u00e9rio das Rela\u00e7\u00f5es Exteriores confirmou ter recebido um pedido do governo da Fran\u00e7a para refor\u00e7ar a seguran\u00e7a em representa\u00e7\u00f5es do pa\u00eds no Brasil, que inclui embaixada, consulados, escolas francesas e alian\u00e7as francesas. De acordo com a assessoria do minist\u00e9rio, o pedido foi encaminhado \u00e0s secretarias de seguran\u00e7a p\u00fablica de estados que t\u00eam uma ou [&hellip;]<\/p>\n","protected":false},"author":2,"featured_media":39880,"comment_status":"open","ping_status":"closed","sticky":false,"template":"","format":"standard","meta":{"_genesis_hide_title":false,"_genesis_hide_breadcrumbs":false,"_genesis_hide_singular_image":false,"_genesis_hide_footer_widgets":false,"_genesis_custom_body_class":"","_genesis_custom_post_class":"","_genesis_layout":"","_jetpack_memberships_contains_paid_content":false,"footnotes":""},"categories":[22],"tags":[],"class_list":{"0":"post-91073","1":"post","2":"type-post","3":"status-publish","4":"format-standard","5":"has-post-thumbnail","7":"category-brasil","8":"entry","9":"gs-1","10":"gs-odd","11":"gs-even","12":"gs-featured-content-entry"},"jetpack_featured_media_url":"https:\/\/www.redenoticia.com.br\/noticia\/imagens\/olimpiadas.jpg","jetpack_sharing_enabled":true,"jetpack_likes_enabled":true,"_links":{"self":[{"href":"https:\/\/www.redenoticia.com.br\/noticia\/wp-json\/wp\/v2\/posts\/91073","targetHints":{"allow":["GET"]}}],"collection":[{"href":"https:\/\/www.redenoticia.com.br\/noticia\/wp-json\/wp\/v2\/posts"}],"about":[{"href":"https:\/\/www.redenoticia.com.br\/noticia\/wp-json\/wp\/v2\/types\/post"}],"author":[{"embeddable":true,"href":"https:\/\/www.redenoticia.com.br\/noticia\/wp-json\/wp\/v2\/users\/2"}],"replies":[{"embeddable":true,"href":"https:\/\/www.redenoticia.com.br\/noticia\/wp-json\/wp\/v2\/comments?post=91073"}],"version-history":[{"count":0,"href":"https:\/\/www.redenoticia.com.br\/noticia\/wp-json\/wp\/v2\/posts\/91073\/revisions"}],"wp:featuredmedia":[{"embeddable":true,"href":"https:\/\/www.redenoticia.com.br\/noticia\/wp-json\/wp\/v2\/media\/39880"}],"wp:attachment":[{"href":"https:\/\/www.redenoticia.com.br\/noticia\/wp-json\/wp\/v2\/media?parent=91073"}],"wp:term":[{"taxonomy":"category","embeddable":true,"href":"https:\/\/www.redenoticia.com.br\/noticia\/wp-json\/wp\/v2\/categories?post=91073"},{"taxonomy":"post_tag","embeddable":true,"href":"https:\/\/www.redenoticia.com.br\/noticia\/wp-json\/wp\/v2\/tags?post=91073"}],"curies":[{"name":"wp","href":"https:\/\/api.w.org\/{rel}","templated":true}]}}