{"id":91064,"date":"2016-07-25T10:07:44","date_gmt":"2016-07-25T13:07:44","guid":{"rendered":"http:\/\/www.redenoticia.com.br\/noticia\/?p=91064"},"modified":"2016-07-22T19:08:42","modified_gmt":"2016-07-22T22:08:42","slug":"instituto-butantan-ganhara-nova-unidade-de-pesquisa-para-doencas-emergentes","status":"publish","type":"post","link":"https:\/\/www.redenoticia.com.br\/noticia\/2016\/instituto-butantan-ganhara-nova-unidade-de-pesquisa-para-doencas-emergentes\/91064","title":{"rendered":"Instituto Butantan ganhar\u00e1 nova unidade de pesquisa para doen\u00e7as emergentes"},"content":{"rendered":"<p> O Instituto Butantan ganhar\u00e1 uma nova unidade de pesquisa, focada em <strong><em>doen\u00e7as consideradas emergentes<\/em><\/strong>. A novidade foi anunciada pelo secret\u00e1rio de Estado da Sa\u00fade, David Uip, e pelo diretor do Instituto Butantan, Jorge Kalil. <\/p>\n<p>O grupo de a\u00e7\u00e3o r\u00e1pida para doen\u00e7as emergentes ser\u00e1 instalado no espa\u00e7o que estava cedido \u00e0 Secretaria de Cultura, ocupado pelo Pa\u00e7o das Artes. \u201cCom certeza isso \u00e9 uma possibilidade de avan\u00e7o muito importante para os setores da ci\u00eancia e da pesquisa, uma resposta r\u00e1pida para epidemias e endemias. Entendo que o Estado dever\u00e1 participar de forma decisiva neste momento\u201d, disse o secret\u00e1rio David Uip.<\/p>\n<p>A unidade reunir\u00e1 um grupo de 30 pesquisadores do Butantan, que atuar\u00e1 em diversas frentes, desde pesquisas b\u00e1sicas at\u00e9 aplicadas de doen\u00e7as graves, como a dengue, zika e chikungunya.<\/p>\n<p>Para Jorge Kalil, agora o Brasil tem condi\u00e7\u00f5es de responder a essas amea\u00e7as externas. \u201cA popula\u00e7\u00e3o vai receber como troca vacinas e soros de alta tecnologia m\u00e9dica para resolver essas quest\u00f5es\u201d, disse o diretor do Instituto Butantan.<\/p>\n<p>Do Portal do Governo do Estado SP<\/p>\n","protected":false},"excerpt":{"rendered":"<p>O Instituto Butantan ganhar\u00e1 uma nova unidade de pesquisa, focada em doen\u00e7as consideradas emergentes. A novidade foi anunciada pelo secret\u00e1rio de Estado da Sa\u00fade, David Uip, e pelo diretor do Instituto Butantan, Jorge Kalil. O grupo de a\u00e7\u00e3o r\u00e1pida para doen\u00e7as emergentes ser\u00e1 instalado no espa\u00e7o que estava cedido \u00e0 Secretaria de Cultura, ocupado pelo [&hellip;]<\/p>\n","protected":false},"author":2,"featured_media":35093,"comment_status":"open","ping_status":"closed","sticky":false,"template":"","format":"standard","meta":{"_genesis_hide_title":false,"_genesis_hide_breadcrumbs":false,"_genesis_hide_singular_image":false,"_genesis_hide_footer_widgets":false,"_genesis_custom_body_class":"","_genesis_custom_post_class":"","_genesis_layout":"","_jetpack_memberships_contains_paid_content":false,"footnotes":""},"categories":[22],"tags":[],"class_list":{"0":"post-91064","1":"post","2":"type-post","3":"status-publish","4":"format-standard","5":"has-post-thumbnail","7":"category-brasil","8":"entry","9":"gs-1","10":"gs-odd","11":"gs-even","12":"gs-featured-content-entry"},"jetpack_featured_media_url":"https:\/\/www.redenoticia.com.br\/noticia\/imagens\/saude2.jpg","jetpack_sharing_enabled":true,"jetpack_likes_enabled":true,"_links":{"self":[{"href":"https:\/\/www.redenoticia.com.br\/noticia\/wp-json\/wp\/v2\/posts\/91064","targetHints":{"allow":["GET"]}}],"collection":[{"href":"https:\/\/www.redenoticia.com.br\/noticia\/wp-json\/wp\/v2\/posts"}],"about":[{"href":"https:\/\/www.redenoticia.com.br\/noticia\/wp-json\/wp\/v2\/types\/post"}],"author":[{"embeddable":true,"href":"https:\/\/www.redenoticia.com.br\/noticia\/wp-json\/wp\/v2\/users\/2"}],"replies":[{"embeddable":true,"href":"https:\/\/www.redenoticia.com.br\/noticia\/wp-json\/wp\/v2\/comments?post=91064"}],"version-history":[{"count":0,"href":"https:\/\/www.redenoticia.com.br\/noticia\/wp-json\/wp\/v2\/posts\/91064\/revisions"}],"wp:featuredmedia":[{"embeddable":true,"href":"https:\/\/www.redenoticia.com.br\/noticia\/wp-json\/wp\/v2\/media\/35093"}],"wp:attachment":[{"href":"https:\/\/www.redenoticia.com.br\/noticia\/wp-json\/wp\/v2\/media?parent=91064"}],"wp:term":[{"taxonomy":"category","embeddable":true,"href":"https:\/\/www.redenoticia.com.br\/noticia\/wp-json\/wp\/v2\/categories?post=91064"},{"taxonomy":"post_tag","embeddable":true,"href":"https:\/\/www.redenoticia.com.br\/noticia\/wp-json\/wp\/v2\/tags?post=91064"}],"curies":[{"name":"wp","href":"https:\/\/api.w.org\/{rel}","templated":true}]}}