{"id":90990,"date":"2016-07-22T10:51:08","date_gmt":"2016-07-22T13:51:08","guid":{"rendered":"http:\/\/www.redenoticia.com.br\/noticia\/?p=90990"},"modified":"2016-07-21T18:52:08","modified_gmt":"2016-07-21T21:52:08","slug":"sondagem-da-cni-indica-que-construcao-civil-mantem-queda-mas-em-ritmo-menor","status":"publish","type":"post","link":"https:\/\/www.redenoticia.com.br\/noticia\/2016\/sondagem-da-cni-indica-que-construcao-civil-mantem-queda-mas-em-ritmo-menor\/90990","title":{"rendered":"Sondagem da CNI indica que constru\u00e7\u00e3o civil mant\u00e9m queda, mas em ritmo menor"},"content":{"rendered":"<p> A <strong><em>ind\u00fastria da constru\u00e7\u00e3o civil<\/em><\/strong> continua a apresentar queda em seu n\u00edvel de atividade. Entretanto, a sondagem feita no m\u00eas passado e divulgada pela Confedera\u00e7\u00e3o Nacional da Ind\u00fastria (CNI) mostra que a desacelera\u00e7\u00e3o do setor perdeu f\u00f4lego em junho, confirmando tend\u00eancia de recupera\u00e7\u00e3o observada desde o in\u00edcio do ano.<\/p>\n<p>O \u00edndice de evolu\u00e7\u00e3o do n\u00edvel de atividade da constru\u00e7\u00e3o civil foi de 41,2 em junho, ante os 40,1 observados em maio. Quanto mais esse n\u00famero se aproxima de 50, menor \u00e9 a redu\u00e7\u00e3o da atividade no setor. Em dezembro de 2015, esse \u00edndice se encontrava 33,3, o menor n\u00edvel da s\u00e9rie hist\u00f3rica iniciada em 2009.<\/p>\n<p> A recupera\u00e7\u00e3o foi mais intensa nas empresas de portes pequeno (de 39,2 para 43,8 pontos) e m\u00e9dio (de 39,2 para 41,3 pontos).<\/p>\n<p>Segundo a pesquisa, o n\u00edvel de atividade da constru\u00e7\u00e3o civil registrado em junho continua bem abaixo do usual para o m\u00eas. A utiliza\u00e7\u00e3o da capacidade de opera\u00e7\u00e3o do setor, por exemplo, ficou em 56%, quatro pontos percentuais abaixo do auferido em junho de 2015 e oito pontos percentuais abaixo da m\u00e9dia hist\u00f3rica para o m\u00eas.<\/p>\n<p>Como o \u00edndice da CNI continua a retratar uma queda na atividade dos canteiros de obras, mesmo que em um ritmo menos agressivo, a constru\u00e7\u00e3o civil segue demitindo mais que contratando. A evolu\u00e7\u00e3o do n\u00famero de empregados ficou em 38,1 pontos, ainda indicando demiss\u00f5es por estar abaixo dos 50 pontos, mas com ritmo est\u00e1vel em rela\u00e7\u00e3o ao m\u00eas anterior.<\/p>\n<p>Os principais problemas relatados pelos empres\u00e1rios da constru\u00e7\u00e3o civil foram a demanda insuficiente, a elevada carga tribut\u00e1ria e as altas taxas de juros da economia.<\/p>\n<p>Felipe Pontes &#8211; Rep\u00f3rter da Agencia Brasil<br \/>\nEdi\u00e7\u00e3o: Armando Cardoso<br \/>\n22\/07\/2016 <\/p>\n","protected":false},"excerpt":{"rendered":"<p>A ind\u00fastria da constru\u00e7\u00e3o civil continua a apresentar queda em seu n\u00edvel de atividade. Entretanto, a sondagem feita no m\u00eas passado e divulgada pela Confedera\u00e7\u00e3o Nacional da Ind\u00fastria (CNI) mostra que a desacelera\u00e7\u00e3o do setor perdeu f\u00f4lego em junho, confirmando tend\u00eancia de recupera\u00e7\u00e3o observada desde o in\u00edcio do ano. O \u00edndice de evolu\u00e7\u00e3o do n\u00edvel [&hellip;]<\/p>\n","protected":false},"author":2,"featured_media":57583,"comment_status":"open","ping_status":"closed","sticky":false,"template":"","format":"standard","meta":{"_genesis_hide_title":false,"_genesis_hide_breadcrumbs":false,"_genesis_hide_singular_image":false,"_genesis_hide_footer_widgets":false,"_genesis_custom_body_class":"","_genesis_custom_post_class":"","_genesis_layout":"","_jetpack_memberships_contains_paid_content":false,"footnotes":""},"categories":[22,7],"tags":[],"class_list":{"0":"post-90990","1":"post","2":"type-post","3":"status-publish","4":"format-standard","5":"has-post-thumbnail","7":"category-brasil","8":"category-economia","9":"entry","10":"gs-1","11":"gs-odd","12":"gs-even","13":"gs-featured-content-entry"},"jetpack_featured_media_url":"https:\/\/www.redenoticia.com.br\/noticia\/imagens\/economia-grafico.jpg","jetpack_sharing_enabled":true,"jetpack_likes_enabled":true,"_links":{"self":[{"href":"https:\/\/www.redenoticia.com.br\/noticia\/wp-json\/wp\/v2\/posts\/90990","targetHints":{"allow":["GET"]}}],"collection":[{"href":"https:\/\/www.redenoticia.com.br\/noticia\/wp-json\/wp\/v2\/posts"}],"about":[{"href":"https:\/\/www.redenoticia.com.br\/noticia\/wp-json\/wp\/v2\/types\/post"}],"author":[{"embeddable":true,"href":"https:\/\/www.redenoticia.com.br\/noticia\/wp-json\/wp\/v2\/users\/2"}],"replies":[{"embeddable":true,"href":"https:\/\/www.redenoticia.com.br\/noticia\/wp-json\/wp\/v2\/comments?post=90990"}],"version-history":[{"count":0,"href":"https:\/\/www.redenoticia.com.br\/noticia\/wp-json\/wp\/v2\/posts\/90990\/revisions"}],"wp:featuredmedia":[{"embeddable":true,"href":"https:\/\/www.redenoticia.com.br\/noticia\/wp-json\/wp\/v2\/media\/57583"}],"wp:attachment":[{"href":"https:\/\/www.redenoticia.com.br\/noticia\/wp-json\/wp\/v2\/media?parent=90990"}],"wp:term":[{"taxonomy":"category","embeddable":true,"href":"https:\/\/www.redenoticia.com.br\/noticia\/wp-json\/wp\/v2\/categories?post=90990"},{"taxonomy":"post_tag","embeddable":true,"href":"https:\/\/www.redenoticia.com.br\/noticia\/wp-json\/wp\/v2\/tags?post=90990"}],"curies":[{"name":"wp","href":"https:\/\/api.w.org\/{rel}","templated":true}]}}