{"id":90988,"date":"2016-07-22T10:49:50","date_gmt":"2016-07-22T13:49:50","guid":{"rendered":"http:\/\/www.redenoticia.com.br\/noticia\/?p=90988"},"modified":"2016-07-21T18:51:05","modified_gmt":"2016-07-21T21:51:05","slug":"fmi-recomenda-que-brasil-aumente-impostos-para-complementar-ajuste-fiscal","status":"publish","type":"post","link":"https:\/\/www.redenoticia.com.br\/noticia\/2016\/fmi-recomenda-que-brasil-aumente-impostos-para-complementar-ajuste-fiscal\/90988","title":{"rendered":"FMI recomenda que Brasil aumente impostos para complementar ajuste fiscal"},"content":{"rendered":"<p> O Brasil dever\u00e1 aumentar <strong><em>impostos<\/em><\/strong> para complementar o ajuste fiscal, recomendou o Fundo Monet\u00e1rio Internacional (FMI). Em documento divulgado o FMI informou que o pequeno espa\u00e7o para o Banco Central reduzir os juros aumenta a necessidade de o pa\u00eds buscar o equil\u00edbrio nas contas p\u00fablicas, tanto por meio de corte de gastos quanto por meio de eleva\u00e7\u00f5es de tributos.<\/p>\n<p>De acordo com o documento, a alta de impostos dever\u00e1 complementar a proposta de limitar o crescimento dos gastos p\u00fablicos, enviada ao Congresso Nacional no m\u00eas passado. O FMI tamb\u00e9m recomenda que o pa\u00eds continue com reformas estruturais que permitam ao governo reduzir despesas obrigat\u00f3rias, como as da Previd\u00eancia Social.<\/p>\n<p>\u201cNo Brasil, o espa\u00e7o para pol\u00edticas de est\u00edmulo monet\u00e1rio \u00e9 limitado por press\u00f5es inflacion\u00e1rias subjacentes, e a consolida\u00e7\u00e3o fiscal deve continuar para reduzir os grandes d\u00e9ficits [nas contas p\u00fablicas]. O novo governo deve complementar o limite proposto para os gastos federais correntes com medidas tribut\u00e1rias [termo usado pelo FMI para se referir a altas de tributos] e enfrentar a rigidez de gastos e mandatos insustent\u00e1veis, inclusive no sistema de previd\u00eancia\u201d, destacou o FMI.<\/p>\n<p>Chamado de Nota de Vigil\u00e2ncia do FMI para o G-20 (grupo que re\u00fane as 20 maiores economias do planeta), o documento traz recomenda\u00e7\u00f5es para a reuni\u00e3o de ministros das Finan\u00e7as do grupo. O encontro na China ter\u00e1 o presidente do Banco Central, Ilan Goldfajn, como representante brasileiro.<\/p>\n<p>Al\u00e9m do aumento de impostos e da conten\u00e7\u00e3o dos gastos p\u00fablicos, o documento sugere que o Brasil prossiga com reformas estruturais que aumentem a produtividade e a competitividade. Para o FMI, o pa\u00eds tamb\u00e9m precisa dar continuidade \u00e0 implementa\u00e7\u00e3o do programa de concess\u00f5es de infraestrutura, considerado pelo \u00f3rg\u00e3o como essencial para eliminar gargalos log\u00edsticos e impulsionar o crescimento do pa\u00eds.<\/p>\n<p>Segundo o documento, as condi\u00e7\u00f5es no Brasil e na R\u00fassia come\u00e7am a melhorar, e os dois pa\u00edses podem retomar o crescimento econ\u00f4mico em 2017. De acordo com o FMI, a alta recente no pre\u00e7o das commodities \u2013 bens prim\u00e1rios com cota\u00e7\u00f5es internacionais \u2013 alivia as press\u00f5es sobre os pa\u00edses emergentes, mas os pre\u00e7os continuam baixos em rela\u00e7\u00e3o aos anos anteriores, e empresas no Brasil, na \u00cdndia e na Turquia est\u00e3o endividadas em moeda local e estrangeira, o que pode acarretar dificuldades caso as condi\u00e7\u00f5es da economia internacional se agravem e o fluxo de capitais se reduza.<\/p>\n<p>Ao anunciar, no in\u00edcio do m\u00eas, a meta fiscal de d\u00e9ficit de R$ 139 bilh\u00f5es, o ministro da Fazenda, Henrique Meirelles, disse que o n\u00famero leva em conta a obten\u00e7\u00e3o de R$ 55,4 bilh\u00f5es em receitas extras no pr\u00f3ximo ano. Segundo Meirelles, o governo pretende recorrer a todas as fontes de recursos dispon\u00edveis, como venda de a\u00e7\u00f5es de estatais em bolsas de valoress, venda de ativos do governo, concess\u00f5es de infraestrutura e outorga de campos de petr\u00f3leo. A eleva\u00e7\u00e3o de tributos viria apenas em \u00faltimo caso.<\/p>\n<p>Wellton M\u00e1ximo \u2013 Rep\u00f3rter da Ag\u00eancia Brasil<br \/>\nEdi\u00e7\u00e3o: N\u00e1dia Franco<br \/>\n22\/07\/2016<\/p>\n","protected":false},"excerpt":{"rendered":"<p>O Brasil dever\u00e1 aumentar impostos para complementar o ajuste fiscal, recomendou o Fundo Monet\u00e1rio Internacional (FMI). Em documento divulgado o FMI informou que o pequeno espa\u00e7o para o Banco Central reduzir os juros aumenta a necessidade de o pa\u00eds buscar o equil\u00edbrio nas contas p\u00fablicas, tanto por meio de corte de gastos quanto por meio [&hellip;]<\/p>\n","protected":false},"author":2,"featured_media":38940,"comment_status":"open","ping_status":"closed","sticky":false,"template":"","format":"standard","meta":{"_genesis_hide_title":false,"_genesis_hide_breadcrumbs":false,"_genesis_hide_singular_image":false,"_genesis_hide_footer_widgets":false,"_genesis_custom_body_class":"","_genesis_custom_post_class":"","_genesis_layout":"","_jetpack_memberships_contains_paid_content":false,"footnotes":""},"categories":[22,7],"tags":[],"class_list":{"0":"post-90988","1":"post","2":"type-post","3":"status-publish","4":"format-standard","5":"has-post-thumbnail","7":"category-brasil","8":"category-economia","9":"entry","10":"gs-1","11":"gs-odd","12":"gs-even","13":"gs-featured-content-entry"},"jetpack_featured_media_url":"https:\/\/www.redenoticia.com.br\/noticia\/imagens\/grafico.jpg","jetpack_sharing_enabled":true,"jetpack_likes_enabled":true,"_links":{"self":[{"href":"https:\/\/www.redenoticia.com.br\/noticia\/wp-json\/wp\/v2\/posts\/90988","targetHints":{"allow":["GET"]}}],"collection":[{"href":"https:\/\/www.redenoticia.com.br\/noticia\/wp-json\/wp\/v2\/posts"}],"about":[{"href":"https:\/\/www.redenoticia.com.br\/noticia\/wp-json\/wp\/v2\/types\/post"}],"author":[{"embeddable":true,"href":"https:\/\/www.redenoticia.com.br\/noticia\/wp-json\/wp\/v2\/users\/2"}],"replies":[{"embeddable":true,"href":"https:\/\/www.redenoticia.com.br\/noticia\/wp-json\/wp\/v2\/comments?post=90988"}],"version-history":[{"count":0,"href":"https:\/\/www.redenoticia.com.br\/noticia\/wp-json\/wp\/v2\/posts\/90988\/revisions"}],"wp:featuredmedia":[{"embeddable":true,"href":"https:\/\/www.redenoticia.com.br\/noticia\/wp-json\/wp\/v2\/media\/38940"}],"wp:attachment":[{"href":"https:\/\/www.redenoticia.com.br\/noticia\/wp-json\/wp\/v2\/media?parent=90988"}],"wp:term":[{"taxonomy":"category","embeddable":true,"href":"https:\/\/www.redenoticia.com.br\/noticia\/wp-json\/wp\/v2\/categories?post=90988"},{"taxonomy":"post_tag","embeddable":true,"href":"https:\/\/www.redenoticia.com.br\/noticia\/wp-json\/wp\/v2\/tags?post=90988"}],"curies":[{"name":"wp","href":"https:\/\/api.w.org\/{rel}","templated":true}]}}