{"id":90986,"date":"2016-07-22T10:48:33","date_gmt":"2016-07-22T13:48:33","guid":{"rendered":"http:\/\/www.redenoticia.com.br\/noticia\/?p=90986"},"modified":"2016-07-21T18:49:47","modified_gmt":"2016-07-21T21:49:47","slug":"numero-de-empresas-de-sp-com-excesso-de-estoque-cai-pelo-terceiro-mes-consecutivo","status":"publish","type":"post","link":"https:\/\/www.redenoticia.com.br\/noticia\/2016\/numero-de-empresas-de-sp-com-excesso-de-estoque-cai-pelo-terceiro-mes-consecutivo\/90986","title":{"rendered":"N\u00famero de empresas de SP com excesso de estoque cai pelo terceiro m\u00eas consecutivo"},"content":{"rendered":"<p> Em julho, a propor\u00e7\u00e3o de empresas na regi\u00e3o metropolitana de S\u00e3o Paulo com <strong><em>estoque<\/em><\/strong> acima do adequado caiu para 37,5%, 0,8 ponto percentual abaixo do resultado de junho. Os dados s\u00e3o do \u00cdndice de Estoques (IE) da Federa\u00e7\u00e3o do Com\u00e9rcio de Bens, Servi\u00e7os e Turismo do Estado de S\u00e3o Paulo (FecomercioSP).<\/p>\n<p>\u00c9 a terceira queda consecutiva de empresas com excesso de estoques, o que foi avaliado positivamente pela federa\u00e7\u00e3o. \u201cEmbora ainda seja cedo para afirmar que o cen\u00e1rio definitivamente melhorou, diversos dados sugerem que o pior momento est\u00e1 ficando para tr\u00e1s, e n\u00e3o apenas por conta dos resultados de julho\u201d, destaca a FecomercioSP.<\/p>\n<p>\u201cA confian\u00e7a do consumidor e do empres\u00e1rio segue em alta, as perspectivas de investimento e de vendas est\u00e3o um pouco melhores, e a infla\u00e7\u00e3o em queda. Tais indicadores sugerem a possibilidade real da retomada da atividade econ\u00f4mica no pa\u00eds\u201d, acrescentou a entidade.<\/p>\n<p>Segundo o levantamento, houve retra\u00e7\u00e3o de 2 pontos percentuais de empresas que afirmaram estar com estoques abaixo do adequado, passando de 15,6% em junho para 13,6% em julho. A propor\u00e7\u00e3o empresas com estoques adequados subiu 2,8 p.p. ao passar de 46,9% em junho para 49,7% em julho. O resultado, no entanto, est\u00e1 abaixo dos 57,9% registrados em julho de 2015.<\/p>\n<p>Bruno Bocchini \u2013 Rep\u00f3rter da Ag\u00eancia Brasil<br \/>\nEdi\u00e7\u00e3o: N\u00e1dia Franco<br \/>\n22\/07\/2016<\/p>\n","protected":false},"excerpt":{"rendered":"<p>Em julho, a propor\u00e7\u00e3o de empresas na regi\u00e3o metropolitana de S\u00e3o Paulo com estoque acima do adequado caiu para 37,5%, 0,8 ponto percentual abaixo do resultado de junho. Os dados s\u00e3o do \u00cdndice de Estoques (IE) da Federa\u00e7\u00e3o do Com\u00e9rcio de Bens, Servi\u00e7os e Turismo do Estado de S\u00e3o Paulo (FecomercioSP). \u00c9 a terceira queda [&hellip;]<\/p>\n","protected":false},"author":2,"featured_media":57585,"comment_status":"open","ping_status":"closed","sticky":false,"template":"","format":"standard","meta":{"_genesis_hide_title":false,"_genesis_hide_breadcrumbs":false,"_genesis_hide_singular_image":false,"_genesis_hide_footer_widgets":false,"_genesis_custom_body_class":"","_genesis_custom_post_class":"","_genesis_layout":"","_jetpack_memberships_contains_paid_content":false,"footnotes":""},"categories":[22,7],"tags":[],"class_list":{"0":"post-90986","1":"post","2":"type-post","3":"status-publish","4":"format-standard","5":"has-post-thumbnail","7":"category-brasil","8":"category-economia","9":"entry","10":"gs-1","11":"gs-odd","12":"gs-even","13":"gs-featured-content-entry"},"jetpack_featured_media_url":"https:\/\/www.redenoticia.com.br\/noticia\/imagens\/analise-economia.jpg","jetpack_sharing_enabled":true,"jetpack_likes_enabled":true,"_links":{"self":[{"href":"https:\/\/www.redenoticia.com.br\/noticia\/wp-json\/wp\/v2\/posts\/90986","targetHints":{"allow":["GET"]}}],"collection":[{"href":"https:\/\/www.redenoticia.com.br\/noticia\/wp-json\/wp\/v2\/posts"}],"about":[{"href":"https:\/\/www.redenoticia.com.br\/noticia\/wp-json\/wp\/v2\/types\/post"}],"author":[{"embeddable":true,"href":"https:\/\/www.redenoticia.com.br\/noticia\/wp-json\/wp\/v2\/users\/2"}],"replies":[{"embeddable":true,"href":"https:\/\/www.redenoticia.com.br\/noticia\/wp-json\/wp\/v2\/comments?post=90986"}],"version-history":[{"count":0,"href":"https:\/\/www.redenoticia.com.br\/noticia\/wp-json\/wp\/v2\/posts\/90986\/revisions"}],"wp:featuredmedia":[{"embeddable":true,"href":"https:\/\/www.redenoticia.com.br\/noticia\/wp-json\/wp\/v2\/media\/57585"}],"wp:attachment":[{"href":"https:\/\/www.redenoticia.com.br\/noticia\/wp-json\/wp\/v2\/media?parent=90986"}],"wp:term":[{"taxonomy":"category","embeddable":true,"href":"https:\/\/www.redenoticia.com.br\/noticia\/wp-json\/wp\/v2\/categories?post=90986"},{"taxonomy":"post_tag","embeddable":true,"href":"https:\/\/www.redenoticia.com.br\/noticia\/wp-json\/wp\/v2\/tags?post=90986"}],"curies":[{"name":"wp","href":"https:\/\/api.w.org\/{rel}","templated":true}]}}