{"id":90984,"date":"2016-07-22T10:47:24","date_gmt":"2016-07-22T13:47:24","guid":{"rendered":"http:\/\/www.redenoticia.com.br\/noticia\/?p=90984"},"modified":"2016-07-21T18:48:26","modified_gmt":"2016-07-21T21:48:26","slug":"inflacao-medida-pelo-ipca-15-volta-a-subir-e-fecha-ultimos-12-meses-em-893","status":"publish","type":"post","link":"https:\/\/www.redenoticia.com.br\/noticia\/2016\/inflacao-medida-pelo-ipca-15-volta-a-subir-e-fecha-ultimos-12-meses-em-893\/90984","title":{"rendered":"Infla\u00e7\u00e3o medida pelo IPCA-15 volta a subir e fecha \u00faltimos 12 meses em 8,93%"},"content":{"rendered":"<p> A pr\u00e9via da <strong><em>infla\u00e7\u00e3o<\/em><\/strong> oficial do pa\u00eds, medida pelo \u00cdndice Nacional de Pre\u00e7os ao Consumidor Amplo 15 (IPCA-15) voltou a acelerar este m\u00eas, ao subir 0,14 ponto percentual e passar de 0,40% para 0,54% entre junho e julho deste ano. Com o resultado, o IPCA-15 acumula alta de 8,93% nos \u00faltimos doze meses \u2013 resultado, no entanto, que chega a ser 0,05 ponto percentual inferior ao da taxa acumulada nos 12 meses imediatamente anteriores: 0,98%.<\/p>\n<p>Os dados foram divulgados pelo Instituto Brasileiro de Geografia e Estat\u00edstica (IBGE) e indicam que o total acumulado no ano \u00e9 de 5,19%, bem abaixo dos 6,9% registrados em igual per\u00edodo do ano anterior. Em julho de 2015, a taxa havia sido 0,59%.<\/p>\n<p>Peso dos alimentos<\/p>\n<p>Mais uma vez os pre\u00e7os dos alimentos continuam pressionando a infla\u00e7\u00e3o, chegando a subir 1,45% na rela\u00e7\u00e3o com a pr\u00e9via de junho, exercendo 0,37 ponto percentual sobre a alta do m\u00eas. Com alta de 0,37% em julho e participa\u00e7\u00e3o de 69% do IPCA-15 no m\u00eas, o grupo alimenta\u00e7\u00e3o e bebidas acusou a mais elevada varia\u00e7\u00e3o para os meses de julho desde a alta registrada em 2008: 1,75%.<\/p>\n<p>Tamb\u00e9m mais uma vez o feij\u00e3o-carioca, cujos pre\u00e7os subiram, em m\u00e9dia, 58,06%, foi, isoladamente, o item que exerceu o maior impacto no \u00edndice do m\u00eas, 0,18 ponto percentual. Em Goi\u00e2nia, o quilo do produto aumentou 81,03%, em Bras\u00edlia (62,69%), em Salvador (61,69%) e em Fortaleza (60,63%).<\/p>\n<p>Segundo o IBGE, os demais tipos de feij\u00e3o tamb\u00e9m apresentaram aumentos significativos nos pre\u00e7os. O mulatinho passou a custar, em m\u00e9dia, 45,94% a mais, o preto subiu 34,23% e o fradinho, 11,78%.<\/p>\n<p>Pre\u00e7os em alta<\/p>\n<p>Os alimentos continuam a ser o grande vil\u00e3o da infla\u00e7\u00e3o e n\u00e3o s\u00f3 pela alta elevada e generalizada dos diversos tipos de feij\u00e3o consumidos pelos brasileiros. Segundo o IBGE, v\u00e1rios outros alimentos ficaram \u201cbem mais caros\u201d de um m\u00eas para o outro.<\/p>\n<p>Este \u00e9 o caso, por exemplo, do arroz, que teve os pre\u00e7os elevados em 3,36% na m\u00e9dia, mas chegando a atingir 8,2% em Bel\u00e9m; 6,67% em Fortaleza; e 6,53% em Goi\u00e2nia. O resultado \u00e9 que comer feij\u00e3o com arroz, prato t\u00edpico da mesa do brasileiro, passou a custar bem mais caro de norte a sul do pa\u00eds.<\/p>\n<p>Outro alimento com participa\u00e7\u00e3o importante na despesa das fam\u00edlias, o leite aumentou 15,54%, em m\u00e9dia, chegando a atingir 27,46% em Curitiba; 24,15% em Porto Alegre; e 20,17% em Goi\u00e2nia. Assim, os pre\u00e7os de seus derivados aumentaram, destacando-se o leite em p\u00f3, que ficou 3,26% mais caro.<\/p>\n<p>Contrapartida<\/p>\n<p>A alta de 0,54% na infla\u00e7\u00e3o &#8211; medida pelo IPCA-15 &#8211; em julho s\u00f3 n\u00e3o foi ainda maior porque, em contraposi\u00e7\u00e3o \u00e0 eleva\u00e7\u00e3o de 1,45% do grupo alimenta\u00e7\u00e3o e bebidas, a maioria dos demais grupos de produtos e servi\u00e7os pesquisados evidenciou desacelera\u00e7\u00e3o na taxa de crescimento de junho para julho.<\/p>\n<p>A exce\u00e7\u00e3o foi o grupo transportes que fechou a pr\u00e9via da infla\u00e7\u00e3o do m\u00eas com varia\u00e7\u00e3o de 0,17% e apresentou acelera\u00e7\u00e3o na taxa de crescimento quando comparado a junho, em decorr\u00eancia da press\u00e3o exercida pelas passagens a\u00e9reas, que subiram 19,05%.<\/p>\n<p>No grupo, tamb\u00e9m apresentaram altas expressivas \u00f4nibus interestadual (3,69%); ped\u00e1gio (1,98%); etanol ( 1,22%); conserto de autom\u00f3vel (0,85%) e emplacamento e licen\u00e7a (0,77%).<\/p>\n<p>Itens importantes tiveram queda, contribuindo para conter a taxa do m\u00eas. Destaque para a energia el\u00e9trica \u2013 grande vil\u00e3 da infla\u00e7\u00e3o no ano passado \u2013, que fechou com defla\u00e7\u00e3o de 1,26%; seguro volunt\u00e1rio de ve\u00edculos (-1,23%); gasolina (-1,11%); autom\u00f3vel usado (-1,02%); e autom\u00f3vel novo (-0,63%).<\/p>\n<p>Entre as 11 regi\u00f5es envolvidas na pesquisa do IPCA, sete fecharam com taxas superiores \u00e0 m\u00e9dia nacional de 0,54%, com destaque para Goi\u00e2nia onde a taxa variou de 0,01% para 0,91% entre junho e julho, a maior alta do pa\u00eds. Depois, aparece Bel\u00e9m (de 0,41% para 0,69%.<\/p>\n<p>Como \u00e9<\/p>\n<p>O IPCA-15 serve de pr\u00e9via para a infla\u00e7\u00e3o do pa\u00eds medida pelo \u00cdndice Nacional de Pre\u00e7os ao Consumidor (IPCA). A diferen\u00e7a est\u00e1 no per\u00edodo de coleta. No caso do IPCA, os pre\u00e7os foram coletados no per\u00edodo de 15 de junho a 13 de julho (m\u00eas de refer\u00eancia).<\/p>\n<p>E, embora o indicador se refira \u00e0s fam\u00edlias na mesma faixa de renda (de 1 a 40 sal\u00e1rios), abrange apenas 11 das principais regi\u00f5es metropolitanas e munic\u00edpios do pa\u00eds, enquanto o IPCA envolve 13 regi\u00f5es e munic\u00edpios.<\/p>\n<p>Nielmar de Oliveira &#8211; Rep\u00f3rter da Ag\u00eancia Brasil<br \/>\nEdi\u00e7\u00e3o: Kleber Sampaio<br \/>\n22\/07\/2016<\/p>\n","protected":false},"excerpt":{"rendered":"<p>A pr\u00e9via da infla\u00e7\u00e3o oficial do pa\u00eds, medida pelo \u00cdndice Nacional de Pre\u00e7os ao Consumidor Amplo 15 (IPCA-15) voltou a acelerar este m\u00eas, ao subir 0,14 ponto percentual e passar de 0,40% para 0,54% entre junho e julho deste ano. Com o resultado, o IPCA-15 acumula alta de 8,93% nos \u00faltimos doze meses \u2013 resultado, [&hellip;]<\/p>\n","protected":false},"author":2,"featured_media":57584,"comment_status":"open","ping_status":"closed","sticky":false,"template":"","format":"standard","meta":{"_genesis_hide_title":false,"_genesis_hide_breadcrumbs":false,"_genesis_hide_singular_image":false,"_genesis_hide_footer_widgets":false,"_genesis_custom_body_class":"","_genesis_custom_post_class":"","_genesis_layout":"","_jetpack_memberships_contains_paid_content":false,"footnotes":""},"categories":[22,7],"tags":[],"class_list":{"0":"post-90984","1":"post","2":"type-post","3":"status-publish","4":"format-standard","5":"has-post-thumbnail","7":"category-brasil","8":"category-economia","9":"entry","10":"gs-1","11":"gs-odd","12":"gs-even","13":"gs-featured-content-entry"},"jetpack_featured_media_url":"https:\/\/www.redenoticia.com.br\/noticia\/imagens\/economia-grafica-analise-inflacao.jpg","jetpack_sharing_enabled":true,"jetpack_likes_enabled":true,"_links":{"self":[{"href":"https:\/\/www.redenoticia.com.br\/noticia\/wp-json\/wp\/v2\/posts\/90984","targetHints":{"allow":["GET"]}}],"collection":[{"href":"https:\/\/www.redenoticia.com.br\/noticia\/wp-json\/wp\/v2\/posts"}],"about":[{"href":"https:\/\/www.redenoticia.com.br\/noticia\/wp-json\/wp\/v2\/types\/post"}],"author":[{"embeddable":true,"href":"https:\/\/www.redenoticia.com.br\/noticia\/wp-json\/wp\/v2\/users\/2"}],"replies":[{"embeddable":true,"href":"https:\/\/www.redenoticia.com.br\/noticia\/wp-json\/wp\/v2\/comments?post=90984"}],"version-history":[{"count":0,"href":"https:\/\/www.redenoticia.com.br\/noticia\/wp-json\/wp\/v2\/posts\/90984\/revisions"}],"wp:featuredmedia":[{"embeddable":true,"href":"https:\/\/www.redenoticia.com.br\/noticia\/wp-json\/wp\/v2\/media\/57584"}],"wp:attachment":[{"href":"https:\/\/www.redenoticia.com.br\/noticia\/wp-json\/wp\/v2\/media?parent=90984"}],"wp:term":[{"taxonomy":"category","embeddable":true,"href":"https:\/\/www.redenoticia.com.br\/noticia\/wp-json\/wp\/v2\/categories?post=90984"},{"taxonomy":"post_tag","embeddable":true,"href":"https:\/\/www.redenoticia.com.br\/noticia\/wp-json\/wp\/v2\/tags?post=90984"}],"curies":[{"name":"wp","href":"https:\/\/api.w.org\/{rel}","templated":true}]}}