{"id":90982,"date":"2016-07-22T10:46:18","date_gmt":"2016-07-22T13:46:18","guid":{"rendered":"http:\/\/www.redenoticia.com.br\/noticia\/?p=90982"},"modified":"2016-07-21T18:47:18","modified_gmt":"2016-07-21T21:47:18","slug":"regulamentada-reserva-de-assentos-para-pessoas-com-deficiencia-na-olimpiada","status":"publish","type":"post","link":"https:\/\/www.redenoticia.com.br\/noticia\/2016\/regulamentada-reserva-de-assentos-para-pessoas-com-deficiencia-na-olimpiada\/90982","title":{"rendered":"Regulamentada reserva de assentos para pessoas com defici\u00eancia na Olimp\u00edada"},"content":{"rendered":"<p> O Di\u00e1rio Oficial da Uni\u00e3o publicou o decreto que regulamenta lei que prev\u00ea reserva de assentos para pessoas com defici\u00eancia e mobilidade reduzida. O decreto regulamenta o art. 24 da Lei n\u00ba 13.284, de 10 de maio de 2016, que trata da reserva de assentos para pessoas com defici\u00eancia e pessoas com mobilidade reduzida e seus acompanhantes, em est\u00e1dios, gin\u00e1sios de esporte e outras instala\u00e7\u00f5es que sediar\u00e3o ou apoiar\u00e3o a realiza\u00e7\u00e3o de eventos dos <strong><em>Jogos Ol\u00edmpicos e Paraol\u00edmpicos Rio 2016<\/em><\/strong>.<\/p>\n<p>Os assentos destinados aos acompanhantes est\u00e3o inclu\u00eddos na propor\u00e7\u00e3o de, no m\u00ednimo, 4% de assentos para pessoas com defici\u00eancia e de 2% de assentos para pessoas com mobilidade reduzida. Os espa\u00e7os e assentos reservados ser\u00e3o identificados no mapa de assentos localizados junto \u00e0 bilheteria e nos s\u00edtios eletr\u00f4nicos de venda de ingressos para os Jogos Ol\u00edmpicos e Paraol\u00edmpicos Rio 2016 e de divulga\u00e7\u00e3o.<\/p>\n<p>A reserva de assentos ser\u00e1 garantida at\u00e9 15 dias antes da abertura oficial dos Jogos Ol\u00edmpicos Rio 2016 e 15 dias antes da abertura oficial dos Jogos Paraol\u00edmpicos Rio 2016. Vencido o prazo estabelecido, as entidades organizadoras dos Jogos poder\u00e3o disponibilizar para venda ao p\u00fablico em geral os assentos reservados e n\u00e3o vendidos.<\/p>\n<p>Da Ag\u00eancia Brasil<br \/>\nEdi\u00e7\u00e3o: Kleber Sampaio<br \/>\n22\/07\/2016<\/p>\n","protected":false},"excerpt":{"rendered":"<p>O Di\u00e1rio Oficial da Uni\u00e3o publicou o decreto que regulamenta lei que prev\u00ea reserva de assentos para pessoas com defici\u00eancia e mobilidade reduzida. O decreto regulamenta o art. 24 da Lei n\u00ba 13.284, de 10 de maio de 2016, que trata da reserva de assentos para pessoas com defici\u00eancia e pessoas com mobilidade reduzida e [&hellip;]<\/p>\n","protected":false},"author":2,"featured_media":39880,"comment_status":"open","ping_status":"closed","sticky":false,"template":"","format":"standard","meta":{"_genesis_hide_title":false,"_genesis_hide_breadcrumbs":false,"_genesis_hide_singular_image":false,"_genesis_hide_footer_widgets":false,"_genesis_custom_body_class":"","_genesis_custom_post_class":"","_genesis_layout":"","_jetpack_memberships_contains_paid_content":false,"footnotes":""},"categories":[22],"tags":[],"class_list":{"0":"post-90982","1":"post","2":"type-post","3":"status-publish","4":"format-standard","5":"has-post-thumbnail","7":"category-brasil","8":"entry","9":"gs-1","10":"gs-odd","11":"gs-even","12":"gs-featured-content-entry"},"jetpack_featured_media_url":"https:\/\/www.redenoticia.com.br\/noticia\/imagens\/olimpiadas.jpg","jetpack_sharing_enabled":true,"jetpack_likes_enabled":true,"_links":{"self":[{"href":"https:\/\/www.redenoticia.com.br\/noticia\/wp-json\/wp\/v2\/posts\/90982","targetHints":{"allow":["GET"]}}],"collection":[{"href":"https:\/\/www.redenoticia.com.br\/noticia\/wp-json\/wp\/v2\/posts"}],"about":[{"href":"https:\/\/www.redenoticia.com.br\/noticia\/wp-json\/wp\/v2\/types\/post"}],"author":[{"embeddable":true,"href":"https:\/\/www.redenoticia.com.br\/noticia\/wp-json\/wp\/v2\/users\/2"}],"replies":[{"embeddable":true,"href":"https:\/\/www.redenoticia.com.br\/noticia\/wp-json\/wp\/v2\/comments?post=90982"}],"version-history":[{"count":0,"href":"https:\/\/www.redenoticia.com.br\/noticia\/wp-json\/wp\/v2\/posts\/90982\/revisions"}],"wp:featuredmedia":[{"embeddable":true,"href":"https:\/\/www.redenoticia.com.br\/noticia\/wp-json\/wp\/v2\/media\/39880"}],"wp:attachment":[{"href":"https:\/\/www.redenoticia.com.br\/noticia\/wp-json\/wp\/v2\/media?parent=90982"}],"wp:term":[{"taxonomy":"category","embeddable":true,"href":"https:\/\/www.redenoticia.com.br\/noticia\/wp-json\/wp\/v2\/categories?post=90982"},{"taxonomy":"post_tag","embeddable":true,"href":"https:\/\/www.redenoticia.com.br\/noticia\/wp-json\/wp\/v2\/tags?post=90982"}],"curies":[{"name":"wp","href":"https:\/\/api.w.org\/{rel}","templated":true}]}}