{"id":90980,"date":"2016-07-22T10:44:54","date_gmt":"2016-07-22T13:44:54","guid":{"rendered":"http:\/\/www.redenoticia.com.br\/noticia\/?p=90980"},"modified":"2016-07-21T18:46:09","modified_gmt":"2016-07-21T21:46:09","slug":"reeducandos-reformam-escolas-estaduais-de-sp","status":"publish","type":"post","link":"https:\/\/www.redenoticia.com.br\/noticia\/2016\/reeducandos-reformam-escolas-estaduais-de-sp\/90980","title":{"rendered":"Reeducandos reformam escolas estaduais de SP"},"content":{"rendered":"<p> Com a meta de ressocializar, o <strong><em>Programa Via R\u00e1pida Expresso<\/em><\/strong> inicia uma nova temporada. Reeducandos do sistema penitenci\u00e1rio paulista, que hoje cumprem o regime semiaberto, ir\u00e3o colocar em pr\u00e1tica o que foi aprendido durante as aulas te\u00f3ricas. A ideia \u00e9 que as escolas estaduais dos munic\u00edpios selecionados ganhem uma nova cara ap\u00f3s a passagem deles.<\/p>\n<p>Todas as tarefas de reformas ser\u00e3o feitas durante o m\u00eas de julho, per\u00edodo de f\u00e9rias escolares. \u00a0O curso \u00e9 formado por dois m\u00f3dulos &#8211; 30\/horas de aulas te\u00f3ricas e 70\/horas de aulas pr\u00e1ticas. Os munic\u00edpios foram escolhidos de acordo com a demanda de reeducandos na regi\u00e3o. Ao todo, 16 munic\u00edpios paulistas ser\u00e3o contemplados<\/p>\n<p>Via R\u00e1pida Expresso<br \/>\nA a\u00e7\u00e3o \u00e9 uma parceria entre a Secretaria de Desenvolvimento Econ\u00f4mico, Ci\u00eancia, Tecnologia e Inova\u00e7\u00e3o do Estado (SDECTI), a Secretaria da Administra\u00e7\u00e3o Penitenci\u00e1ria (SAP) e Secretaria de Estado da Educa\u00e7\u00e3o (SEE).<\/p>\n<p>Veja  as escolas contempladas.<\/p>\n<p>Do Portal do Governo do Estado SP<\/p>\n","protected":false},"excerpt":{"rendered":"<p>Com a meta de ressocializar, o Programa Via R\u00e1pida Expresso inicia uma nova temporada. Reeducandos do sistema penitenci\u00e1rio paulista, que hoje cumprem o regime semiaberto, ir\u00e3o colocar em pr\u00e1tica o que foi aprendido durante as aulas te\u00f3ricas. A ideia \u00e9 que as escolas estaduais dos munic\u00edpios selecionados ganhem uma nova cara ap\u00f3s a passagem deles. [&hellip;]<\/p>\n","protected":false},"author":2,"featured_media":36241,"comment_status":"open","ping_status":"closed","sticky":false,"template":"","format":"standard","meta":{"_genesis_hide_title":false,"_genesis_hide_breadcrumbs":false,"_genesis_hide_singular_image":false,"_genesis_hide_footer_widgets":false,"_genesis_custom_body_class":"","_genesis_custom_post_class":"","_genesis_layout":"","_jetpack_memberships_contains_paid_content":false,"footnotes":""},"categories":[22],"tags":[],"class_list":{"0":"post-90980","1":"post","2":"type-post","3":"status-publish","4":"format-standard","5":"has-post-thumbnail","7":"category-brasil","8":"entry","9":"gs-1","10":"gs-odd","11":"gs-even","12":"gs-featured-content-entry"},"jetpack_featured_media_url":"https:\/\/www.redenoticia.com.br\/noticia\/imagens\/professor-b.jpg","jetpack_sharing_enabled":true,"jetpack_likes_enabled":true,"_links":{"self":[{"href":"https:\/\/www.redenoticia.com.br\/noticia\/wp-json\/wp\/v2\/posts\/90980","targetHints":{"allow":["GET"]}}],"collection":[{"href":"https:\/\/www.redenoticia.com.br\/noticia\/wp-json\/wp\/v2\/posts"}],"about":[{"href":"https:\/\/www.redenoticia.com.br\/noticia\/wp-json\/wp\/v2\/types\/post"}],"author":[{"embeddable":true,"href":"https:\/\/www.redenoticia.com.br\/noticia\/wp-json\/wp\/v2\/users\/2"}],"replies":[{"embeddable":true,"href":"https:\/\/www.redenoticia.com.br\/noticia\/wp-json\/wp\/v2\/comments?post=90980"}],"version-history":[{"count":0,"href":"https:\/\/www.redenoticia.com.br\/noticia\/wp-json\/wp\/v2\/posts\/90980\/revisions"}],"wp:featuredmedia":[{"embeddable":true,"href":"https:\/\/www.redenoticia.com.br\/noticia\/wp-json\/wp\/v2\/media\/36241"}],"wp:attachment":[{"href":"https:\/\/www.redenoticia.com.br\/noticia\/wp-json\/wp\/v2\/media?parent=90980"}],"wp:term":[{"taxonomy":"category","embeddable":true,"href":"https:\/\/www.redenoticia.com.br\/noticia\/wp-json\/wp\/v2\/categories?post=90980"},{"taxonomy":"post_tag","embeddable":true,"href":"https:\/\/www.redenoticia.com.br\/noticia\/wp-json\/wp\/v2\/tags?post=90980"}],"curies":[{"name":"wp","href":"https:\/\/api.w.org\/{rel}","templated":true}]}}