{"id":90874,"date":"2016-07-21T10:47:16","date_gmt":"2016-07-21T13:47:16","guid":{"rendered":"http:\/\/www.redenoticia.com.br\/noticia\/?p=90874"},"modified":"2016-07-20T19:48:10","modified_gmt":"2016-07-20T22:48:10","slug":"mpf-cobra-na-justica-prestacao-de-contas-do-comite-organizador-da-olimpiada","status":"publish","type":"post","link":"https:\/\/www.redenoticia.com.br\/noticia\/2016\/mpf-cobra-na-justica-prestacao-de-contas-do-comite-organizador-da-olimpiada\/90874","title":{"rendered":"MPF cobra na Justi\u00e7a presta\u00e7\u00e3o de contas do Comit\u00ea Organizador da Olimp\u00edada"},"content":{"rendered":"<p> O Grupo de Trabalho <strong><em>Olimp\u00edadas 2016<\/em><\/strong> do Minist\u00e9rio P\u00fablico Federal no Rio de Janeiro (MPF\/RJ) pediu, em a\u00e7\u00e3o civil p\u00fablica, que o Comit\u00ea Organizador Rio 2016 apresente em 20 dias documentos referentes aos recursos recebidos e um relat\u00f3rio consolidado com o total de gastos at\u00e9 o momento, discriminando as despesas com or\u00e7amento pr\u00f3prio e aquelas com recursos da p\u00fablicos. A pena estipulada pelo n\u00e3o cumprimento \u00e9 multa de R$ 10 mil por dia.<\/p>\n<p> Em agosto de 2015, o MPF j\u00e1 havia recomendado ao Comit\u00ea Organizador que desse ampla publicidade aos detalhes sobre a movimenta\u00e7\u00e3o de recursos, em especial a folha de pagamento de funcion\u00e1rios, gastos com a constru\u00e7\u00e3o da Vila Ol\u00edmpica, or\u00e7amento atualizado e a rela\u00e7\u00e3o dos contratos celebrados desde a cria\u00e7\u00e3o do Comit\u00ea, mas a recomenda\u00e7\u00e3o n\u00e3o foi atendida.<\/p>\n<p>O MPF questiona o entendimento do Comit\u00ea Organizador, que considerou que a submiss\u00e3o aos \u00f3rg\u00e3os de controle se encerrou com a revoga\u00e7\u00e3o do artigo 15 da Lei 12.035\/09, que estabelecia que a Uni\u00e3o poderia destinar recursos para cobrir eventuais d\u00e9ficits operacionais do Comit\u00ea. O argumento foi usado em resposta a recomenda\u00e7\u00e3o encaminhada pelo MPF e em recursos contra um ac\u00f3rd\u00e3o do Tribunal de Contas da Uni\u00e3o (TCU) que fixou prazo para a apresenta\u00e7\u00e3o de documentos.<\/p>\n<p>Em vez de receber aporte financeiro do governo federal, o Comit\u00ea optou por repassar \u00e0 Uni\u00e3o a contrata\u00e7\u00e3o de bens e servi\u00e7os, como o fornecimento de energia \u00e0s instala\u00e7\u00f5es ol\u00edmpicas, a seguran\u00e7a interna das arenas e a aquisi\u00e7\u00e3o de equipamentos esportivos. No entendimento do MPF, tais gastos representam a utiliza\u00e7\u00e3o de recursos p\u00fablicos na realiza\u00e7\u00e3o do evento.<\/p>\n<p>\u201cN\u00e3o importa se a Uni\u00e3o est\u00e1 repassando recursos financeiros ao Comit\u00ea Organizador ou se est\u00e1 fornecendo bens e servi\u00e7os, pois ambos representam uma complementa\u00e7\u00e3o por parte da Uni\u00e3o no or\u00e7amento da referida entidade\u201d, afirma o procurador da Rep\u00fablica Leandro Mitidieri, coordenador do GT Olimp\u00edadas. \u201cAqui se busca a transpar\u00eancia da organiza\u00e7\u00e3o desse evento de alto interesse p\u00fablico, com vultosos recursos federais, para o devido controle social, em tempos de cultura da informa\u00e7\u00e3o\u201d, declarou ele.<\/p>\n<p>At\u00e9 o fechamento desta reportagem, o Comit\u00ea Ol\u00edmpico Rio 2016 n\u00e3o se pronunciou sobre a a\u00e7\u00e3o.<\/p>\n<p> Fl\u00e1via Villela &#8211; Rep\u00f3rter da Ag\u00eancia Brasil<br \/>\nEdi\u00e7\u00e3o: Jorge Wamburg<br \/>\n21\/07\/2016 <\/p>\n","protected":false},"excerpt":{"rendered":"<p>O Grupo de Trabalho Olimp\u00edadas 2016 do Minist\u00e9rio P\u00fablico Federal no Rio de Janeiro (MPF\/RJ) pediu, em a\u00e7\u00e3o civil p\u00fablica, que o Comit\u00ea Organizador Rio 2016 apresente em 20 dias documentos referentes aos recursos recebidos e um relat\u00f3rio consolidado com o total de gastos at\u00e9 o momento, discriminando as despesas com or\u00e7amento pr\u00f3prio e aquelas [&hellip;]<\/p>\n","protected":false},"author":2,"featured_media":57584,"comment_status":"open","ping_status":"closed","sticky":false,"template":"","format":"standard","meta":{"_genesis_hide_title":false,"_genesis_hide_breadcrumbs":false,"_genesis_hide_singular_image":false,"_genesis_hide_footer_widgets":false,"_genesis_custom_body_class":"","_genesis_custom_post_class":"","_genesis_layout":"","_jetpack_memberships_contains_paid_content":false,"footnotes":""},"categories":[22,7],"tags":[],"class_list":{"0":"post-90874","1":"post","2":"type-post","3":"status-publish","4":"format-standard","5":"has-post-thumbnail","7":"category-brasil","8":"category-economia","9":"entry","10":"gs-1","11":"gs-odd","12":"gs-even","13":"gs-featured-content-entry"},"jetpack_featured_media_url":"https:\/\/www.redenoticia.com.br\/noticia\/imagens\/economia-grafica-analise-inflacao.jpg","jetpack_sharing_enabled":true,"jetpack_likes_enabled":true,"_links":{"self":[{"href":"https:\/\/www.redenoticia.com.br\/noticia\/wp-json\/wp\/v2\/posts\/90874","targetHints":{"allow":["GET"]}}],"collection":[{"href":"https:\/\/www.redenoticia.com.br\/noticia\/wp-json\/wp\/v2\/posts"}],"about":[{"href":"https:\/\/www.redenoticia.com.br\/noticia\/wp-json\/wp\/v2\/types\/post"}],"author":[{"embeddable":true,"href":"https:\/\/www.redenoticia.com.br\/noticia\/wp-json\/wp\/v2\/users\/2"}],"replies":[{"embeddable":true,"href":"https:\/\/www.redenoticia.com.br\/noticia\/wp-json\/wp\/v2\/comments?post=90874"}],"version-history":[{"count":0,"href":"https:\/\/www.redenoticia.com.br\/noticia\/wp-json\/wp\/v2\/posts\/90874\/revisions"}],"wp:featuredmedia":[{"embeddable":true,"href":"https:\/\/www.redenoticia.com.br\/noticia\/wp-json\/wp\/v2\/media\/57584"}],"wp:attachment":[{"href":"https:\/\/www.redenoticia.com.br\/noticia\/wp-json\/wp\/v2\/media?parent=90874"}],"wp:term":[{"taxonomy":"category","embeddable":true,"href":"https:\/\/www.redenoticia.com.br\/noticia\/wp-json\/wp\/v2\/categories?post=90874"},{"taxonomy":"post_tag","embeddable":true,"href":"https:\/\/www.redenoticia.com.br\/noticia\/wp-json\/wp\/v2\/tags?post=90874"}],"curies":[{"name":"wp","href":"https:\/\/api.w.org\/{rel}","templated":true}]}}