{"id":90870,"date":"2016-07-21T10:44:42","date_gmt":"2016-07-21T13:44:42","guid":{"rendered":"http:\/\/www.redenoticia.com.br\/noticia\/?p=90870"},"modified":"2016-07-20T19:45:56","modified_gmt":"2016-07-20T22:45:56","slug":"firjan-diz-que-empresario-do-rio-esta-mais-pessimista-com-economia-do-estado","status":"publish","type":"post","link":"https:\/\/www.redenoticia.com.br\/noticia\/2016\/firjan-diz-que-empresario-do-rio-esta-mais-pessimista-com-economia-do-estado\/90870","title":{"rendered":"Firjan diz que empres\u00e1rio do Rio est\u00e1 mais pessimista com economia do estado"},"content":{"rendered":"<p> A Federa\u00e7\u00e3o das Ind\u00fastrias do Estado do Rio de Janeiro (Firjan) divulgou o <strong><em>\u00cdndice de Confian\u00e7a do Empres\u00e1rio Industrial Fluminense<\/em><\/strong> (Icei-RJ). De acordo com os dados, o pessimismo do empresariado local \u00e9 crescente em rela\u00e7\u00e3o \u00e0s condi\u00e7\u00f5es da economia regional. <\/p>\n<p>\u201cOs resultados do Icei descrevem, com clareza, o cen\u00e1rio atual, onde o Brasil j\u00e1 sinalizou mudan\u00e7as importantes que afetam o ambiente de neg\u00f3cios, como o ajuste das contas p\u00fablicas, reformas essenciais, enquanto o Rio de Janeiro ainda est\u00e1 patinando em uma crise financeira, especialmente das contas p\u00fablicas, em que n\u00e3o h\u00e1 uma sinaliza\u00e7\u00e3o clara\u201d, informou o gerente de Estudos Econ\u00f4micos da entidade, Guilherme Merc\u00eas.<\/p>\n<p>Conforme os n\u00fameros da Firjan, em julho a pesquisa registrou 23,1 pontos no indicador de condi\u00e7\u00f5es atuais da economia do estado, interrompendo a trajet\u00f3ria de recupera\u00e7\u00e3o que se iniciou h\u00e1 tr\u00eas meses.<\/p>\n<p>Projeto<\/p>\n<p>\u201cOs empres\u00e1rios est\u00e3o mais pessimistas com a economia do Rio de Janeiro e acreditam cada dia mais na economia brasileira\u201c, afirmou o economista. O indicador relativo \u00e0 economia nacional atingiu 31 pontos, maior valor desde julho de 2014. Em junho, o \u00edndice foi 28,5 pontos.<\/p>\n<p>Guilherme Merc\u00eas destacou que o pessimismo registrado pelo \u00edndice pode piorar, dependendo do resultado da vota\u00e7\u00e3o, programada para esta quinta (21) na Assembleia Legislativa (Alerj), do Projeto de Lei 2008\/2016, que cria um fundo que reduz os incentivos fiscais.<\/p>\n<p>Segundo Merc\u00eas, enquanto o governo federal adota medidas de controle dos gastos p\u00fablicos e de reformas da previd\u00eancia e trabalhista, \u201co governo do estado acenou ontem com o envio \u00e0 Alerj de um projeto que aumenta os impostos. Obviamente, isso pode ter novo impacto negativo sobre a percep\u00e7\u00e3o do empres\u00e1rio, que dificulta ainda mais uma retomada da economia do estado\u201d.<\/p>\n<p>Exporta\u00e7\u00f5es<\/p>\n<p>Para o economista da Firjan, uma eventual aprova\u00e7\u00e3o do projeto ter\u00e1 impacto significativo na confian\u00e7a dos empres\u00e1rios.<\/p>\n<p>Em fun\u00e7\u00e3o da crise do pa\u00eds e do estado em especial, a sa\u00edda tem sido o mercado externo, acrescentou Merc\u00eas. O indicador de exporta\u00e7\u00f5es (52,2 pontos) marcou crescimento pelo terceiro m\u00eas consecutivo, influenciado pela taxa de c\u00e2mbio.<\/p>\n<p>Merc\u00eas informou ainda que, em termos de pol\u00edticas p\u00fablicas, o governo fluminense deve seguir no mesmo caminho pessimista. \u201cO governo do estado precisa tomar medidas de conten\u00e7\u00e3o dos gastos p\u00fablicos, especialmente os relacionados ao funcionalismo, que cresceram muito nos \u00faltimos anos. O governo n\u00e3o tem condi\u00e7\u00f5es de sustent\u00e1-los no momento atual\u201d.<\/p>\n<p>Expectativas<\/p>\n<p>Em rela\u00e7\u00e3o \u00e0s expectativas para os pr\u00f3ximos seis meses, o \u00edndice geral mostra estabilidade em julho (46,8 pontos) ante junho (46,9 pontos). Enquanto a expectativa sobre a economia brasileira cresceu de 41,8 pontos para 42,8 pontos, a percep\u00e7\u00e3o dos empres\u00e1rios fluminenses com a economia estadual caiu de 37 pontos para 35,2 pontos, depois de experimentar sequ\u00eancia de tr\u00eas meses de alta.<\/p>\n<p>A pesquisa varia de zero a 100, sendo que os valores inferiores a 50 pontos indicam redu\u00e7\u00e3o ou pessimismo. O Icei-RJ de julho ficou est\u00e1vel, fechando em 42,4 pontos. Em junho, o resultado atingiu 42,6 pontos. J\u00e1 o Icei Brasil cresceu pelo terceiro m\u00eas seguido e somou 47,3 pontos.<\/p>\n<p>Alana Gandra &#8211; Rep\u00f3rter da Ag\u00eancia Brasil<br \/>\nEdi\u00e7\u00e3o: Armando Cardoso<br \/>\n21\/07\/2016<\/p>\n","protected":false},"excerpt":{"rendered":"<p>A Federa\u00e7\u00e3o das Ind\u00fastrias do Estado do Rio de Janeiro (Firjan) divulgou o \u00cdndice de Confian\u00e7a do Empres\u00e1rio Industrial Fluminense (Icei-RJ). De acordo com os dados, o pessimismo do empresariado local \u00e9 crescente em rela\u00e7\u00e3o \u00e0s condi\u00e7\u00f5es da economia regional. \u201cOs resultados do Icei descrevem, com clareza, o cen\u00e1rio atual, onde o Brasil j\u00e1 sinalizou [&hellip;]<\/p>\n","protected":false},"author":2,"featured_media":38938,"comment_status":"open","ping_status":"closed","sticky":false,"template":"","format":"standard","meta":{"_genesis_hide_title":false,"_genesis_hide_breadcrumbs":false,"_genesis_hide_singular_image":false,"_genesis_hide_footer_widgets":false,"_genesis_custom_body_class":"","_genesis_custom_post_class":"","_genesis_layout":"","_jetpack_memberships_contains_paid_content":false,"footnotes":""},"categories":[22,7],"tags":[],"class_list":{"0":"post-90870","1":"post","2":"type-post","3":"status-publish","4":"format-standard","5":"has-post-thumbnail","7":"category-brasil","8":"category-economia","9":"entry","10":"gs-1","11":"gs-odd","12":"gs-even","13":"gs-featured-content-entry"},"jetpack_featured_media_url":"https:\/\/www.redenoticia.com.br\/noticia\/imagens\/economia1.jpg","jetpack_sharing_enabled":true,"jetpack_likes_enabled":true,"_links":{"self":[{"href":"https:\/\/www.redenoticia.com.br\/noticia\/wp-json\/wp\/v2\/posts\/90870","targetHints":{"allow":["GET"]}}],"collection":[{"href":"https:\/\/www.redenoticia.com.br\/noticia\/wp-json\/wp\/v2\/posts"}],"about":[{"href":"https:\/\/www.redenoticia.com.br\/noticia\/wp-json\/wp\/v2\/types\/post"}],"author":[{"embeddable":true,"href":"https:\/\/www.redenoticia.com.br\/noticia\/wp-json\/wp\/v2\/users\/2"}],"replies":[{"embeddable":true,"href":"https:\/\/www.redenoticia.com.br\/noticia\/wp-json\/wp\/v2\/comments?post=90870"}],"version-history":[{"count":0,"href":"https:\/\/www.redenoticia.com.br\/noticia\/wp-json\/wp\/v2\/posts\/90870\/revisions"}],"wp:featuredmedia":[{"embeddable":true,"href":"https:\/\/www.redenoticia.com.br\/noticia\/wp-json\/wp\/v2\/media\/38938"}],"wp:attachment":[{"href":"https:\/\/www.redenoticia.com.br\/noticia\/wp-json\/wp\/v2\/media?parent=90870"}],"wp:term":[{"taxonomy":"category","embeddable":true,"href":"https:\/\/www.redenoticia.com.br\/noticia\/wp-json\/wp\/v2\/categories?post=90870"},{"taxonomy":"post_tag","embeddable":true,"href":"https:\/\/www.redenoticia.com.br\/noticia\/wp-json\/wp\/v2\/tags?post=90870"}],"curies":[{"name":"wp","href":"https:\/\/api.w.org\/{rel}","templated":true}]}}