{"id":90868,"date":"2016-07-21T10:42:33","date_gmt":"2016-07-21T13:42:33","guid":{"rendered":"http:\/\/www.redenoticia.com.br\/noticia\/?p=90868"},"modified":"2016-07-20T19:44:37","modified_gmt":"2016-07-20T22:44:37","slug":"confianca-do-comercio-tem-primeira-alta-anual-desde-2013","status":"publish","type":"post","link":"https:\/\/www.redenoticia.com.br\/noticia\/2016\/confianca-do-comercio-tem-primeira-alta-anual-desde-2013\/90868","title":{"rendered":"Confian\u00e7a do Com\u00e9rcio tem primeira alta anual desde 2013"},"content":{"rendered":"<p> O <strong><em>\u00cdndice de Confian\u00e7a do Empres\u00e1rio do Com\u00e9rcio<\/em><\/strong> (Icec) registrou, em julho, a primeira taxa de crescimento anual dos \u00faltimos tr\u00eas anos. O indicador cresceu 2,4% na compara\u00e7\u00e3o com julho de 2015 e atingiu 87 pontos. A \u00faltima alta do indicador foi em julho de 2013 (0,6%), de acordo com a Confedera\u00e7\u00e3o Nacional do Com\u00e9rcio de Bens, Servi\u00e7os e Turismo (CNC), respons\u00e1vel pela pesquisa.<\/p>\n<p>Esse tamb\u00e9m \u00e9 o maior \u00edndice dos \u00faltimos 15 meses. A alta foi puxada exclusivamente pela expectativa do empres\u00e1rio em rela\u00e7\u00e3o ao futuro, que cresceu 10,1% na compara\u00e7\u00e3o com julho de 2015. As avalia\u00e7\u00f5es sobre o momento presente continuam em queda (-5,8%), assim como as inten\u00e7\u00f5es de investimentos (-4,7%).<\/p>\n<p>Na compara\u00e7\u00e3o com junho deste ano, a alta foi de 10,7%, puxada pelos tr\u00eas principais componentes: avalia\u00e7\u00e3o sobre as condi\u00e7\u00f5es atuais (6,1%), expectativas sobre o futuro (12,1%) e inten\u00e7\u00f5es de investimento (4,2%).<\/p>\n<p>Apesar das altas, o \u00edndice, que \u00e9 medido em uma escala de 0 a 200, ainda est\u00e1 em um patamar abaixo do n\u00edvel de indiferen\u00e7a do empres\u00e1rio, que \u00e9 de 100 pontos. Isso, segundo a CNC, \u00e9 reflexo da redu\u00e7\u00e3o cont\u00ednua da atividade do com\u00e9rcio e da renda dos consumidores, marcada pela deteriora\u00e7\u00e3o das condi\u00e7\u00f5es do mercado de trabalho e do cr\u00e9dito.<\/p>\n<p> Vitor Abdala \u2013 Rep\u00f3rter da Ag\u00eancia Brasil<br \/>\nEdi\u00e7\u00e3o: Talita Cavalcante<br \/>\n21\/07\/2016<\/p>\n","protected":false},"excerpt":{"rendered":"<p>O \u00cdndice de Confian\u00e7a do Empres\u00e1rio do Com\u00e9rcio (Icec) registrou, em julho, a primeira taxa de crescimento anual dos \u00faltimos tr\u00eas anos. O indicador cresceu 2,4% na compara\u00e7\u00e3o com julho de 2015 e atingiu 87 pontos. A \u00faltima alta do indicador foi em julho de 2013 (0,6%), de acordo com a Confedera\u00e7\u00e3o Nacional do Com\u00e9rcio [&hellip;]<\/p>\n","protected":false},"author":2,"featured_media":57585,"comment_status":"open","ping_status":"closed","sticky":false,"template":"","format":"standard","meta":{"_genesis_hide_title":false,"_genesis_hide_breadcrumbs":false,"_genesis_hide_singular_image":false,"_genesis_hide_footer_widgets":false,"_genesis_custom_body_class":"","_genesis_custom_post_class":"","_genesis_layout":"","_jetpack_memberships_contains_paid_content":false,"footnotes":""},"categories":[22,7],"tags":[],"class_list":{"0":"post-90868","1":"post","2":"type-post","3":"status-publish","4":"format-standard","5":"has-post-thumbnail","7":"category-brasil","8":"category-economia","9":"entry","10":"gs-1","11":"gs-odd","12":"gs-even","13":"gs-featured-content-entry"},"jetpack_featured_media_url":"https:\/\/www.redenoticia.com.br\/noticia\/imagens\/analise-economia.jpg","jetpack_sharing_enabled":true,"jetpack_likes_enabled":true,"_links":{"self":[{"href":"https:\/\/www.redenoticia.com.br\/noticia\/wp-json\/wp\/v2\/posts\/90868","targetHints":{"allow":["GET"]}}],"collection":[{"href":"https:\/\/www.redenoticia.com.br\/noticia\/wp-json\/wp\/v2\/posts"}],"about":[{"href":"https:\/\/www.redenoticia.com.br\/noticia\/wp-json\/wp\/v2\/types\/post"}],"author":[{"embeddable":true,"href":"https:\/\/www.redenoticia.com.br\/noticia\/wp-json\/wp\/v2\/users\/2"}],"replies":[{"embeddable":true,"href":"https:\/\/www.redenoticia.com.br\/noticia\/wp-json\/wp\/v2\/comments?post=90868"}],"version-history":[{"count":0,"href":"https:\/\/www.redenoticia.com.br\/noticia\/wp-json\/wp\/v2\/posts\/90868\/revisions"}],"wp:featuredmedia":[{"embeddable":true,"href":"https:\/\/www.redenoticia.com.br\/noticia\/wp-json\/wp\/v2\/media\/57585"}],"wp:attachment":[{"href":"https:\/\/www.redenoticia.com.br\/noticia\/wp-json\/wp\/v2\/media?parent=90868"}],"wp:term":[{"taxonomy":"category","embeddable":true,"href":"https:\/\/www.redenoticia.com.br\/noticia\/wp-json\/wp\/v2\/categories?post=90868"},{"taxonomy":"post_tag","embeddable":true,"href":"https:\/\/www.redenoticia.com.br\/noticia\/wp-json\/wp\/v2\/tags?post=90868"}],"curies":[{"name":"wp","href":"https:\/\/api.w.org\/{rel}","templated":true}]}}