{"id":90866,"date":"2016-07-21T10:41:19","date_gmt":"2016-07-21T13:41:19","guid":{"rendered":"http:\/\/www.redenoticia.com.br\/noticia\/?p=90866"},"modified":"2016-07-20T19:42:30","modified_gmt":"2016-07-20T22:42:30","slug":"tse-divulga-limites-de-gastos-de-campanha-para-eleicoes-deste-ano","status":"publish","type":"post","link":"https:\/\/www.redenoticia.com.br\/noticia\/2016\/tse-divulga-limites-de-gastos-de-campanha-para-eleicoes-deste-ano\/90866","title":{"rendered":"TSE divulga limites de gastos de campanha para elei\u00e7\u00f5es deste ano"},"content":{"rendered":"<p> O Tribunal Superior Eleitoral (TSE) divulgou os <strong><em>limites de gastos de campanha<\/em><\/strong> que poder\u00e3o ser feitos por candidatos a prefeito e a vereador nas elei\u00e7\u00f5es deste ano. A informa\u00e7\u00e3o foi publicada no Di\u00e1rio de Justi\u00e7a Eletr\u00f4nico.<\/p>\n<p>Para o cargo de prefeito, o munic\u00edpio que tem o maior limite de gasto de campanha \u00e9 S\u00e3o Paulo. Segundo o TSE, no primeiro turno, os candidatos a prefeito da capital paulista poder\u00e3o gastar pouco mais de R$ 45 milh\u00f5es. No segundo turno, o valor cai para pouco mais de R$ 13 milh\u00f5es. Em 3.794 munic\u00edpios os gastos est\u00e3o limitados a at\u00e9 R$ 108 mil.<\/p>\n<p>Os candidatos a vereador tamb\u00e9m precisam ficar atentos ao teto do valor que poder\u00e1 ser usado. Para os que concorrem a esse cargo, o maior limite est\u00e1 previsto para Manaus, previsto em mais de R$ 26.689 milh\u00f5es. O valor para estes 3.794 munic\u00edpios ficar\u00e1 em R$ 10.803,91.<\/p>\n<p>As regras para os limites de gastos est\u00e3o previstas na Lei das Elei\u00e7\u00f5es. Na tabela publicada nesta quarta-feira est\u00e3o os valores atualizados, que levam em conta a varia\u00e7\u00e3o do \u00cdndice Nacional de Pre\u00e7os ao Consumidor (INPC) da Funda\u00e7\u00e3o Instituto Brasileiro de Geografia e Estat\u00edstica (IBGE).<\/p>\n<p>Contrata\u00e7\u00e3o<\/p>\n<p>Al\u00e9m dos valores que podem ser gastos nas campanhas, os candidatos ter\u00e3o limites para a contrata\u00e7\u00e3o de pessoal. De acordo com o TSE, a reforma eleitoral do ano passado estipulou os limites para a contrata\u00e7\u00e3o direta ou terceirizada de pessoas para atividades de milit\u00e2ncia e tamb\u00e9m de mobiliza\u00e7\u00e3o de rua.<\/p>\n<p>A cidade de S\u00e3o Paulo \u00e9 a que poder\u00e1 fazer o maior n\u00famero de contrata\u00e7\u00f5es \u2013 mais de 97 mil contrata\u00e7\u00f5es pelos candidatos a prefeito e mais de 27 mil, pelo que concorrerm a vereador. Em segundo lugar, est\u00e1 o Rio de Janeiro, onde mais de 53 mil pessoas poder\u00e3o ser contratadas para as campanhas de prefeito e mais 15 mil para as de vereador. J\u00e1 em Serra da Saudade, em Minas Gerais, e Araguainha, em Mato Grosso, 10 pessoas poder\u00e3o ser contratadas trabalhar em campanhas para prefeito e apenas cinco para  a de vereador.<\/p>\n<p> Mich\u00e8lle Canes \u2013 Rep\u00f3rter da Ag\u00eancia Brasil<br \/>\nEdi\u00e7\u00e3o: N\u00e1dia Franco<br \/>\n21\/07\/2016<\/p>\n","protected":false},"excerpt":{"rendered":"<p>O Tribunal Superior Eleitoral (TSE) divulgou os limites de gastos de campanha que poder\u00e3o ser feitos por candidatos a prefeito e a vereador nas elei\u00e7\u00f5es deste ano. A informa\u00e7\u00e3o foi publicada no Di\u00e1rio de Justi\u00e7a Eletr\u00f4nico. Para o cargo de prefeito, o munic\u00edpio que tem o maior limite de gasto de campanha \u00e9 S\u00e3o Paulo. [&hellip;]<\/p>\n","protected":false},"author":2,"featured_media":39956,"comment_status":"open","ping_status":"closed","sticky":false,"template":"","format":"standard","meta":{"_genesis_hide_title":false,"_genesis_hide_breadcrumbs":false,"_genesis_hide_singular_image":false,"_genesis_hide_footer_widgets":false,"_genesis_custom_body_class":"","_genesis_custom_post_class":"","_genesis_layout":"","_jetpack_memberships_contains_paid_content":false,"footnotes":""},"categories":[22],"tags":[],"class_list":{"0":"post-90866","1":"post","2":"type-post","3":"status-publish","4":"format-standard","5":"has-post-thumbnail","7":"category-brasil","8":"entry","9":"gs-1","10":"gs-odd","11":"gs-even","12":"gs-featured-content-entry"},"jetpack_featured_media_url":"https:\/\/www.redenoticia.com.br\/noticia\/imagens\/eleicao-voto-campanha-eleitoral-resultado.jpg","jetpack_sharing_enabled":true,"jetpack_likes_enabled":true,"_links":{"self":[{"href":"https:\/\/www.redenoticia.com.br\/noticia\/wp-json\/wp\/v2\/posts\/90866","targetHints":{"allow":["GET"]}}],"collection":[{"href":"https:\/\/www.redenoticia.com.br\/noticia\/wp-json\/wp\/v2\/posts"}],"about":[{"href":"https:\/\/www.redenoticia.com.br\/noticia\/wp-json\/wp\/v2\/types\/post"}],"author":[{"embeddable":true,"href":"https:\/\/www.redenoticia.com.br\/noticia\/wp-json\/wp\/v2\/users\/2"}],"replies":[{"embeddable":true,"href":"https:\/\/www.redenoticia.com.br\/noticia\/wp-json\/wp\/v2\/comments?post=90866"}],"version-history":[{"count":0,"href":"https:\/\/www.redenoticia.com.br\/noticia\/wp-json\/wp\/v2\/posts\/90866\/revisions"}],"wp:featuredmedia":[{"embeddable":true,"href":"https:\/\/www.redenoticia.com.br\/noticia\/wp-json\/wp\/v2\/media\/39956"}],"wp:attachment":[{"href":"https:\/\/www.redenoticia.com.br\/noticia\/wp-json\/wp\/v2\/media?parent=90866"}],"wp:term":[{"taxonomy":"category","embeddable":true,"href":"https:\/\/www.redenoticia.com.br\/noticia\/wp-json\/wp\/v2\/categories?post=90866"},{"taxonomy":"post_tag","embeddable":true,"href":"https:\/\/www.redenoticia.com.br\/noticia\/wp-json\/wp\/v2\/tags?post=90866"}],"curies":[{"name":"wp","href":"https:\/\/api.w.org\/{rel}","templated":true}]}}