{"id":90864,"date":"2016-07-21T10:40:22","date_gmt":"2016-07-21T13:40:22","guid":{"rendered":"http:\/\/www.redenoticia.com.br\/noticia\/?p=90864"},"modified":"2016-07-20T19:41:16","modified_gmt":"2016-07-20T22:41:16","slug":"metro-sp-e-cptm-terao-operacao-especial-durante-jogos-olimpicos","status":"publish","type":"post","link":"https:\/\/www.redenoticia.com.br\/noticia\/2016\/metro-sp-e-cptm-terao-operacao-especial-durante-jogos-olimpicos\/90864","title":{"rendered":"Metr\u00f4 SP e CPTM ter\u00e3o opera\u00e7\u00e3o especial durante Jogos Ol\u00edmpicos"},"content":{"rendered":"<p> No m\u00eas de agosto, mais precisamente entre os dias 3 e 19, a Arena Corinthians, na zona leste de S\u00e3o Paulo, receber\u00e1 10 jogos de futebol das <strong><em>Olimp\u00edadas 2016<\/em><\/strong>. Por conta disso, o governo paulista anunciou um plano especial de opera\u00e7\u00e3o para a CPTM, Metr\u00f4, EMTU\/SP e a Linha Amarela &#8211; operada pela concession\u00e1ria ViaQuatro. A a\u00e7\u00e3o vai facilitar o acesso dos torcedores \u00e0 Arena localizada a 900 metros da esta\u00e7\u00e3o Corinthians-Itaquera da Linha 3-Vermelha do Metr\u00f4 e da CPTM. <\/p>\n<p>Veja as mudan\u00e7as operacionais:<\/p>\n<p>CPTM<br \/>\nDisponibilizar\u00e1 o Expresso da Linha 11-Coral, que seguir\u00e1 da esta\u00e7\u00e3o Luz at\u00e9 a esta\u00e7\u00e3o Corinthians-Itaquera sem paradas intermedi\u00e1rias. O servi\u00e7o ter\u00e1 in\u00edcio 3 horas antes dos jogos. O trem sair\u00e1 da plataforma 4. O percurso ser\u00e1 feito em cerca de 19 minutos. Nos dias 10 e 12 de agosto (quarta e sexta-feiras, respectivamente), em que os jogos come\u00e7ar\u00e3o \u00e0s 19h, o Expresso funcionar\u00e1 das 14h \u00e0s 17h.<br \/>\nTamb\u00e9m ser\u00e1 mantido o servi\u00e7o de trens regulares da CPTM, da Linha 11-Coral, que parte da esta\u00e7\u00e3o da Luz com paradas no Br\u00e1s, Tatuap\u00e9 e Corinthians-Itaquera.<\/p>\n<p>Metr\u00f4<br \/>\nPela Linha 3-Vermelha, com servi\u00e7o regular da esta\u00e7\u00e3o Barra Funda at\u00e9 a esta\u00e7\u00e3o Corinthians-Itaquera, com paradas nas esta\u00e7\u00f5es intermedi\u00e1rias.<br \/>\nLinha 4 (ViaQuatro)<br \/>\nPela Linha 4-Amarela, operada pela concession\u00e1ria ViaQuatro, \u00e9 poss\u00edvel fazer integra\u00e7\u00f5es na Esta\u00e7\u00e3o Luz para o Expresso, na Linha 11-Coral da CPTM, e na Esta\u00e7\u00e3o Rep\u00fablica para a Linha 3-Vermelha, do Metr\u00f4.<br \/>\nA tarifa unit\u00e1ria no sistema metroferrovi\u00e1rio \u00e9 de R$ 3,80. Para os usu\u00e1rios do Bilhete \u00danico (sistema metroferrovi\u00e1rio+\u00f4nibus da Capital\/SPTrans) a tarifa \u00e9 de R$ 5,92.<\/p>\n<p>EMTU<br \/>\nPara os Jogos Ol\u00edmpicos RIO 2016 foi criada uma linha especial de \u00f4nibus do Airport Bus Service da EMTU\/SP para ligar o Aeroporto Internacional de S\u00e3o Paulo, em Guarulhos, at\u00e9 a Arena Corinthians, apenas nos dias de jogos.<\/p>\n<p>O Airport Bus Service garante mais conforto ao passageiro, pois os ve\u00edculos s\u00e3o equipados com ar-condicionado, poltronas estofadas e reclin\u00e1veis, sistema wi-fi, entre outros itens.<\/p>\n<p>A tarifa da linha da EMTU\/SP Airport Bus Service \u00e9 de R$ 45,50 para cada trecho de ida ou de volta.<br \/>\nHaver\u00e1 tamb\u00e9m a linha de \u00f4nibus 257 (Terminal 2), que ligar\u00e1 o Aeroporto Internacional de S\u00e3o Paulo at\u00e9 a esta\u00e7\u00e3o Tatuap\u00e9 do Metr\u00f4. A tarifa desta linha \u00e9 de R$ 5,55 por trecho.<\/p>\n<p>Outras a\u00e7\u00f5es<br \/>\nOutras estrat\u00e9gias adotadas pela Secretaria dos Transportes Metropolitanos s\u00e3o comunica\u00e7\u00e3o visual espec\u00edfica nas esta\u00e7\u00f5es de transfer\u00eancia (Corinthians-Itaquera, Tatuap\u00e9, Br\u00e1s, S\u00e9, Rep\u00fablica, Palmeiras-Barra Funda, Paulista\/Consola\u00e7\u00e3o, Para\u00edso e Tamanduate\u00ed) e emiss\u00e3o de mensagem sonora sobre o evento em ingl\u00eas e portugu\u00eas nas Linhas de metr\u00f4 e Linha 11-Coral da CPTM, para orientar o embarque e desembarque dos torcedores.<\/p>\n<p>Para facilitar a viagem em dia de jogo, a Secretaria recomenda aos usu\u00e1rios que adquiram antecipadamente as passagens de ida e volta e respeitem as orienta\u00e7\u00f5es dos funcion\u00e1rios.<br \/>\nAo t\u00e9rmino dos jogos a opera\u00e7\u00e3o ser\u00e1 monitorada em at\u00e9 duas horas.<\/p>\n<p>Do Portal do Governo do Estado SP<\/p>\n","protected":false},"excerpt":{"rendered":"<p>No m\u00eas de agosto, mais precisamente entre os dias 3 e 19, a Arena Corinthians, na zona leste de S\u00e3o Paulo, receber\u00e1 10 jogos de futebol das Olimp\u00edadas 2016. Por conta disso, o governo paulista anunciou um plano especial de opera\u00e7\u00e3o para a CPTM, Metr\u00f4, EMTU\/SP e a Linha Amarela &#8211; operada pela concession\u00e1ria ViaQuatro. [&hellip;]<\/p>\n","protected":false},"author":2,"featured_media":39880,"comment_status":"open","ping_status":"closed","sticky":false,"template":"","format":"standard","meta":{"_genesis_hide_title":false,"_genesis_hide_breadcrumbs":false,"_genesis_hide_singular_image":false,"_genesis_hide_footer_widgets":false,"_genesis_custom_body_class":"","_genesis_custom_post_class":"","_genesis_layout":"","_jetpack_memberships_contains_paid_content":false,"footnotes":""},"categories":[22],"tags":[],"class_list":{"0":"post-90864","1":"post","2":"type-post","3":"status-publish","4":"format-standard","5":"has-post-thumbnail","7":"category-brasil","8":"entry","9":"gs-1","10":"gs-odd","11":"gs-even","12":"gs-featured-content-entry"},"jetpack_featured_media_url":"https:\/\/www.redenoticia.com.br\/noticia\/imagens\/olimpiadas.jpg","jetpack_sharing_enabled":true,"jetpack_likes_enabled":true,"_links":{"self":[{"href":"https:\/\/www.redenoticia.com.br\/noticia\/wp-json\/wp\/v2\/posts\/90864","targetHints":{"allow":["GET"]}}],"collection":[{"href":"https:\/\/www.redenoticia.com.br\/noticia\/wp-json\/wp\/v2\/posts"}],"about":[{"href":"https:\/\/www.redenoticia.com.br\/noticia\/wp-json\/wp\/v2\/types\/post"}],"author":[{"embeddable":true,"href":"https:\/\/www.redenoticia.com.br\/noticia\/wp-json\/wp\/v2\/users\/2"}],"replies":[{"embeddable":true,"href":"https:\/\/www.redenoticia.com.br\/noticia\/wp-json\/wp\/v2\/comments?post=90864"}],"version-history":[{"count":0,"href":"https:\/\/www.redenoticia.com.br\/noticia\/wp-json\/wp\/v2\/posts\/90864\/revisions"}],"wp:featuredmedia":[{"embeddable":true,"href":"https:\/\/www.redenoticia.com.br\/noticia\/wp-json\/wp\/v2\/media\/39880"}],"wp:attachment":[{"href":"https:\/\/www.redenoticia.com.br\/noticia\/wp-json\/wp\/v2\/media?parent=90864"}],"wp:term":[{"taxonomy":"category","embeddable":true,"href":"https:\/\/www.redenoticia.com.br\/noticia\/wp-json\/wp\/v2\/categories?post=90864"},{"taxonomy":"post_tag","embeddable":true,"href":"https:\/\/www.redenoticia.com.br\/noticia\/wp-json\/wp\/v2\/tags?post=90864"}],"curies":[{"name":"wp","href":"https:\/\/api.w.org\/{rel}","templated":true}]}}