{"id":90764,"date":"2016-07-20T10:22:01","date_gmt":"2016-07-20T13:22:01","guid":{"rendered":"http:\/\/www.redenoticia.com.br\/noticia\/?p=90764"},"modified":"2016-07-19T21:23:54","modified_gmt":"2016-07-20T00:23:54","slug":"indicador-antecedente-composto-da-economia-tem-alta-de-2-em-junho","status":"publish","type":"post","link":"https:\/\/www.redenoticia.com.br\/noticia\/2016\/indicador-antecedente-composto-da-economia-tem-alta-de-2-em-junho\/90764","title":{"rendered":"Indicador Antecedente Composto da Economia tem alta de 2% em junho"},"content":{"rendered":"<p> Pela quinta vez seguida, o <strong><em>Indicador Antecedente Composto da Economia<\/em><\/strong> (Iace) para o Brasil apresentou alta com varia\u00e7\u00e3o de 2% em junho \u00faltimo, atingindo 96,1 pontos. Na apura\u00e7\u00e3o anterior, a expans\u00e3o tinha sido mais significativa: 2,8%. Cinco dos oito componentes apresentaram avan\u00e7os: as taxas de juros de Swap 360; os \u00cdndices de Expectativas da Ind\u00fastria, de Servi\u00e7os e do Consumidor; e o Ibovespa.<\/p>\n<p>O Iace \u00e9 calculado em conjunto, desde julho de 2013, pelo Instituto Brasileiro de Economia da Funda\u00e7\u00e3o Getulio Vargas (Ibre\/FGV) e pela institui\u00e7\u00e3o norte-americana The Conference Board (TCB). Por meio dessa apura\u00e7\u00e3o, \u00e9 poss\u00edvel fazer compara\u00e7\u00e3o dos ciclos econ\u00f4micos do Brasil com os de outros onze pa\u00edses e regi\u00f5es j\u00e1 cobertos pelo The Conference Board: China, Estados Unidos, Zona do Euro, Austr\u00e1lia, Fran\u00e7a, Alemanha, Jap\u00e3o, M\u00e9xico, Cor\u00e9ia, Espanha e Reino Unido.<\/p>\n<p>Na pesquisa feita pelas duas institui\u00e7\u00f5es em torno do Indicador Coincidente Composto da Economia (Icce) do Brasil, sobre as condi\u00e7\u00f5es econ\u00f4micas correntes do pa\u00eds, houve queda de 0,1% e 98,1 pontos. Na revis\u00e3o do indicador sobre os dois meses anteriores a junho mostra um recuo de 0,1%, em abril e uma alta de 0,3%, em maio.<\/p>\n<p>O economista Paulo Picchetti, do Ibre\/FGV, afirmou que \u201ctodos os indicadores de expectativas que fazem parte do Iace continuaram sua trajet\u00f3ria de eleva\u00e7\u00e3o em junho, sinalizando uma potencial revers\u00e3o do ciclo econ\u00f4mico ao longo do segundo semestre\u201d.<\/p>\n<p>Ele, no entanto, observou que o resultado do Icce, pr\u00f3ximo de zero pelo quarto m\u00eas seguido,evidencia que \u201c essa revers\u00e3o n\u00e3o \u00e9 imediata e est\u00e1 condicionada \u00e0 defini\u00e7\u00e3o do ambiente pol\u00edtico necess\u00e1rio para a melhora efetiva dos fundamentos econ\u00f4micos\u201d.<\/p>\n<p>Marli Moreira &#8211; Rep\u00f3rter da Ag\u00eancia Brasil<br \/>\nEdi\u00e7\u00e3o: Kleber Sampaio<br \/>\n20\/07\/2016<\/p>\n","protected":false},"excerpt":{"rendered":"<p>Pela quinta vez seguida, o Indicador Antecedente Composto da Economia (Iace) para o Brasil apresentou alta com varia\u00e7\u00e3o de 2% em junho \u00faltimo, atingindo 96,1 pontos. Na apura\u00e7\u00e3o anterior, a expans\u00e3o tinha sido mais significativa: 2,8%. Cinco dos oito componentes apresentaram avan\u00e7os: as taxas de juros de Swap 360; os \u00cdndices de Expectativas da Ind\u00fastria, [&hellip;]<\/p>\n","protected":false},"author":2,"featured_media":57582,"comment_status":"open","ping_status":"closed","sticky":false,"template":"","format":"standard","meta":{"_genesis_hide_title":false,"_genesis_hide_breadcrumbs":false,"_genesis_hide_singular_image":false,"_genesis_hide_footer_widgets":false,"_genesis_custom_body_class":"","_genesis_custom_post_class":"","_genesis_layout":"","_jetpack_memberships_contains_paid_content":false,"footnotes":""},"categories":[22,7],"tags":[],"class_list":{"0":"post-90764","1":"post","2":"type-post","3":"status-publish","4":"format-standard","5":"has-post-thumbnail","7":"category-brasil","8":"category-economia","9":"entry","10":"gs-1","11":"gs-odd","12":"gs-even","13":"gs-featured-content-entry"},"jetpack_featured_media_url":"https:\/\/www.redenoticia.com.br\/noticia\/imagens\/grafico1.jpg","jetpack_sharing_enabled":true,"jetpack_likes_enabled":true,"_links":{"self":[{"href":"https:\/\/www.redenoticia.com.br\/noticia\/wp-json\/wp\/v2\/posts\/90764","targetHints":{"allow":["GET"]}}],"collection":[{"href":"https:\/\/www.redenoticia.com.br\/noticia\/wp-json\/wp\/v2\/posts"}],"about":[{"href":"https:\/\/www.redenoticia.com.br\/noticia\/wp-json\/wp\/v2\/types\/post"}],"author":[{"embeddable":true,"href":"https:\/\/www.redenoticia.com.br\/noticia\/wp-json\/wp\/v2\/users\/2"}],"replies":[{"embeddable":true,"href":"https:\/\/www.redenoticia.com.br\/noticia\/wp-json\/wp\/v2\/comments?post=90764"}],"version-history":[{"count":0,"href":"https:\/\/www.redenoticia.com.br\/noticia\/wp-json\/wp\/v2\/posts\/90764\/revisions"}],"wp:featuredmedia":[{"embeddable":true,"href":"https:\/\/www.redenoticia.com.br\/noticia\/wp-json\/wp\/v2\/media\/57582"}],"wp:attachment":[{"href":"https:\/\/www.redenoticia.com.br\/noticia\/wp-json\/wp\/v2\/media?parent=90764"}],"wp:term":[{"taxonomy":"category","embeddable":true,"href":"https:\/\/www.redenoticia.com.br\/noticia\/wp-json\/wp\/v2\/categories?post=90764"},{"taxonomy":"post_tag","embeddable":true,"href":"https:\/\/www.redenoticia.com.br\/noticia\/wp-json\/wp\/v2\/tags?post=90764"}],"curies":[{"name":"wp","href":"https:\/\/api.w.org\/{rel}","templated":true}]}}