{"id":90762,"date":"2016-07-20T10:19:10","date_gmt":"2016-07-20T13:19:10","guid":{"rendered":"http:\/\/www.redenoticia.com.br\/noticia\/?p=90762"},"modified":"2016-07-19T21:21:52","modified_gmt":"2016-07-20T00:21:52","slug":"fmi-melhora-projecao-para-o-pib-do-brasil","status":"publish","type":"post","link":"https:\/\/www.redenoticia.com.br\/noticia\/2016\/fmi-melhora-projecao-para-o-pib-do-brasil\/90762","title":{"rendered":"FMI melhora proje\u00e7\u00e3o para o PIB do Brasil"},"content":{"rendered":"<p> O <strong><em>Fundo Monet\u00e1rio Internacional<\/em><\/strong> (FMI) espera por uma queda menor da economia brasileira este ano. A proje\u00e7\u00e3o de retra\u00e7\u00e3o do Produto Interno Bruto (PIB), soma de todos os bens e servi\u00e7os produzidos no pais, passou de 3,8% em abril, para 3,3%. O FMI tamb\u00e9m melhorou a estimativa para o pr\u00f3ximo ano, que foi de estabilidade da economia para crescimento de 0,5%.<\/p>\n<p>\u201cA confian\u00e7a dos consumidores e empres\u00e1rios parece j\u00e1 ter batido no fundo no Brasil, e a contra\u00e7\u00e3o do PIB no primeiro trimestre foi mais branda que a antecipada&#8221;, diz o FMI no relat\u00f3rio Perspectiva Econ\u00f4mica Global (World Econonic Outlook, em ingl\u00eas).<\/p>\n<p>Consequentemente, diz o FMI, a recess\u00e3o em 2016 agora est\u00e1 prevista para ser menos severa, com o retorno ao crescimento em 2017. O FMI diz, entretanto, que as incertezas pol\u00edticas mant\u00eam-se e podem obscurecer as perspectivas.<\/p>\n<p>A proje\u00e7\u00e3o para o crescimento das economias emergentes e em desenvolvimento foi mantida em 4,1% e em 4,6%.<\/p>\n<p>Brexit<\/p>\n<p>No relat\u00f3rio, o FMI analisa as consequ\u00eancias da sa\u00edda do Reino Unido da Uni\u00e3o Europeia, ap\u00f3s decis\u00e3o da popula\u00e7\u00e3o em referendo. Para o FMI, o resultado do referendo no Reino Unido, que surpreendeu os mercados financeiros globais, implica a materializa\u00e7\u00e3o de um risco importante para a economia mundial, o que tem como resultado piores perspectivas econ\u00f4micas para 2016 e 2017.<\/p>\n<p>No documento, que atualiza as proje\u00e7\u00f5es feitas no relat\u00f3rio do abril, a proje\u00e7\u00e3o para o crescimento da economia global ficou em 3,1% este ano e 3,4% em 2017, com redu\u00e7\u00e3o de 0,1 ponto percentual em rela\u00e7\u00e3o \u00e0 estimativa de abril.<\/p>\n<p>Ainda assim, as proje\u00e7\u00f5es hoje apresentadas consideram que h\u00e1 uma redu\u00e7\u00e3o gradual da incerteza, h\u00e1 acordos entre o Reino Unido e a Uni\u00e3o Europeia que impedem um aumento das barreiras comerciais e tamb\u00e9m que n\u00e3o n\u00e3o h\u00e1 uma ruptura grande nos mercados financeiros e que as consequ\u00eancias pol\u00edticas do Brexit s\u00e3o limitadas.<\/p>\n<p>Kelly Oliveira \u2013 Rep\u00f3rter da Ag\u00eancia Brasil<br \/>\nCom informa\u00e7\u00f5es da Ag\u00eancia Lusa<br \/>\nEdi\u00e7\u00e3o: Kleber Sampaio<br \/>\n20\/07\/2016<\/p>\n","protected":false},"excerpt":{"rendered":"<p>O Fundo Monet\u00e1rio Internacional (FMI) espera por uma queda menor da economia brasileira este ano. A proje\u00e7\u00e3o de retra\u00e7\u00e3o do Produto Interno Bruto (PIB), soma de todos os bens e servi\u00e7os produzidos no pais, passou de 3,8% em abril, para 3,3%. O FMI tamb\u00e9m melhorou a estimativa para o pr\u00f3ximo ano, que foi de estabilidade [&hellip;]<\/p>\n","protected":false},"author":2,"featured_media":57583,"comment_status":"open","ping_status":"closed","sticky":false,"template":"","format":"standard","meta":{"_genesis_hide_title":false,"_genesis_hide_breadcrumbs":false,"_genesis_hide_singular_image":false,"_genesis_hide_footer_widgets":false,"_genesis_custom_body_class":"","_genesis_custom_post_class":"","_genesis_layout":"","_jetpack_memberships_contains_paid_content":false,"footnotes":""},"categories":[22,7],"tags":[],"class_list":{"0":"post-90762","1":"post","2":"type-post","3":"status-publish","4":"format-standard","5":"has-post-thumbnail","7":"category-brasil","8":"category-economia","9":"entry","10":"gs-1","11":"gs-odd","12":"gs-even","13":"gs-featured-content-entry"},"jetpack_featured_media_url":"https:\/\/www.redenoticia.com.br\/noticia\/imagens\/economia-grafico.jpg","jetpack_sharing_enabled":true,"jetpack_likes_enabled":true,"_links":{"self":[{"href":"https:\/\/www.redenoticia.com.br\/noticia\/wp-json\/wp\/v2\/posts\/90762","targetHints":{"allow":["GET"]}}],"collection":[{"href":"https:\/\/www.redenoticia.com.br\/noticia\/wp-json\/wp\/v2\/posts"}],"about":[{"href":"https:\/\/www.redenoticia.com.br\/noticia\/wp-json\/wp\/v2\/types\/post"}],"author":[{"embeddable":true,"href":"https:\/\/www.redenoticia.com.br\/noticia\/wp-json\/wp\/v2\/users\/2"}],"replies":[{"embeddable":true,"href":"https:\/\/www.redenoticia.com.br\/noticia\/wp-json\/wp\/v2\/comments?post=90762"}],"version-history":[{"count":0,"href":"https:\/\/www.redenoticia.com.br\/noticia\/wp-json\/wp\/v2\/posts\/90762\/revisions"}],"wp:featuredmedia":[{"embeddable":true,"href":"https:\/\/www.redenoticia.com.br\/noticia\/wp-json\/wp\/v2\/media\/57583"}],"wp:attachment":[{"href":"https:\/\/www.redenoticia.com.br\/noticia\/wp-json\/wp\/v2\/media?parent=90762"}],"wp:term":[{"taxonomy":"category","embeddable":true,"href":"https:\/\/www.redenoticia.com.br\/noticia\/wp-json\/wp\/v2\/categories?post=90762"},{"taxonomy":"post_tag","embeddable":true,"href":"https:\/\/www.redenoticia.com.br\/noticia\/wp-json\/wp\/v2\/tags?post=90762"}],"curies":[{"name":"wp","href":"https:\/\/api.w.org\/{rel}","templated":true}]}}