{"id":90760,"date":"2016-07-20T10:16:38","date_gmt":"2016-07-20T13:16:38","guid":{"rendered":"http:\/\/www.redenoticia.com.br\/noticia\/?p=90760"},"modified":"2016-07-19T21:19:02","modified_gmt":"2016-07-20T00:19:02","slug":"ipc-da-fipe-sobe-para-085-na-segunda-previa-de-julho-em-sao-paulo","status":"publish","type":"post","link":"https:\/\/www.redenoticia.com.br\/noticia\/2016\/ipc-da-fipe-sobe-para-085-na-segunda-previa-de-julho-em-sao-paulo\/90760","title":{"rendered":"IPC da Fipe sobe para 0,85% na segunda pr\u00e9via de julho em S\u00e3o Paulo"},"content":{"rendered":"<p> O <strong><em>\u00cdndice de Pre\u00e7os ao Consumidor<\/em><\/strong> (IPC), medido pela Funda\u00e7\u00e3o Instituto de Pesquisas Econ\u00f4micas (Fipe), na cidade de S\u00e3o Paulo, atingiu alta de 0,85%, na segunda pr\u00e9via de julho, indicando maior press\u00e3o inflacion\u00e1ria do que a registrada na primeira apura\u00e7\u00e3o do m\u00eas quando os pre\u00e7os tinham subido em m\u00e9dia 0,78%. O maior impacto sobre o IPC foi provocado pelo grupo alimenta\u00e7\u00e3o, que passou de 1,86% para 2,13%.<\/p>\n<p>A segunda maior contribui\u00e7\u00e3o para o avan\u00e7o do \u00edndice, entre os sete grupos pesquisados, foi verificado em habita\u00e7\u00e3o, que, no entanto, vem apresentando desacelera\u00e7\u00e3o. Tinha fechado junho com alta de 0,8%, iniciou o m\u00eas com varia\u00e7\u00e3o de 0,67% e, nesta apura\u00e7\u00e3o, ficou em 0,66%. No grupo sa\u00fade, ocorreu o inverso com alta de 0,93% ante 0,71%, no \u00faltimo levantamento e 0,42%, no encerramento do m\u00eas passado.<\/p>\n<p>Tamb\u00e9m aumentou o ritmo de corre\u00e7\u00f5es nos grupos despesas pessoais (de 0,29% para 0,38%) e educa\u00e7\u00e3o (de 0,2% para 0,42%). J\u00e1 em transportes, o \u00edndice desacelerou ao passar de 0,16% para 0,13% e, em vestu\u00e1rio, houve queda de 0,29% ante uma varia\u00e7\u00e3o positiva de 0,12%.<\/p>\n<p>O IPC da Fipe abrange a varia\u00e7\u00e3o de pre\u00e7os dos bens e servi\u00e7os consumidos pelos moradores da capital paulista com renda entre um e dez sal\u00e1rios m\u00ednimos.<\/p>\n<p>Marli Moreira &#8211; Rep\u00f3rter da Ag\u00eancia Brasil<br \/>\nEdi\u00e7\u00e3o: Kleber Sampaio<br \/>\n20\/07\/2016<\/p>\n","protected":false},"excerpt":{"rendered":"<p>O \u00cdndice de Pre\u00e7os ao Consumidor (IPC), medido pela Funda\u00e7\u00e3o Instituto de Pesquisas Econ\u00f4micas (Fipe), na cidade de S\u00e3o Paulo, atingiu alta de 0,85%, na segunda pr\u00e9via de julho, indicando maior press\u00e3o inflacion\u00e1ria do que a registrada na primeira apura\u00e7\u00e3o do m\u00eas quando os pre\u00e7os tinham subido em m\u00e9dia 0,78%. O maior impacto sobre o [&hellip;]<\/p>\n","protected":false},"author":2,"featured_media":57584,"comment_status":"open","ping_status":"closed","sticky":false,"template":"","format":"standard","meta":{"_genesis_hide_title":false,"_genesis_hide_breadcrumbs":false,"_genesis_hide_singular_image":false,"_genesis_hide_footer_widgets":false,"_genesis_custom_body_class":"","_genesis_custom_post_class":"","_genesis_layout":"","_jetpack_memberships_contains_paid_content":false,"footnotes":""},"categories":[22,7],"tags":[],"class_list":{"0":"post-90760","1":"post","2":"type-post","3":"status-publish","4":"format-standard","5":"has-post-thumbnail","7":"category-brasil","8":"category-economia","9":"entry","10":"gs-1","11":"gs-odd","12":"gs-even","13":"gs-featured-content-entry"},"jetpack_featured_media_url":"https:\/\/www.redenoticia.com.br\/noticia\/imagens\/economia-grafica-analise-inflacao.jpg","jetpack_sharing_enabled":true,"jetpack_likes_enabled":true,"_links":{"self":[{"href":"https:\/\/www.redenoticia.com.br\/noticia\/wp-json\/wp\/v2\/posts\/90760","targetHints":{"allow":["GET"]}}],"collection":[{"href":"https:\/\/www.redenoticia.com.br\/noticia\/wp-json\/wp\/v2\/posts"}],"about":[{"href":"https:\/\/www.redenoticia.com.br\/noticia\/wp-json\/wp\/v2\/types\/post"}],"author":[{"embeddable":true,"href":"https:\/\/www.redenoticia.com.br\/noticia\/wp-json\/wp\/v2\/users\/2"}],"replies":[{"embeddable":true,"href":"https:\/\/www.redenoticia.com.br\/noticia\/wp-json\/wp\/v2\/comments?post=90760"}],"version-history":[{"count":0,"href":"https:\/\/www.redenoticia.com.br\/noticia\/wp-json\/wp\/v2\/posts\/90760\/revisions"}],"wp:featuredmedia":[{"embeddable":true,"href":"https:\/\/www.redenoticia.com.br\/noticia\/wp-json\/wp\/v2\/media\/57584"}],"wp:attachment":[{"href":"https:\/\/www.redenoticia.com.br\/noticia\/wp-json\/wp\/v2\/media?parent=90760"}],"wp:term":[{"taxonomy":"category","embeddable":true,"href":"https:\/\/www.redenoticia.com.br\/noticia\/wp-json\/wp\/v2\/categories?post=90760"},{"taxonomy":"post_tag","embeddable":true,"href":"https:\/\/www.redenoticia.com.br\/noticia\/wp-json\/wp\/v2\/tags?post=90760"}],"curies":[{"name":"wp","href":"https:\/\/api.w.org\/{rel}","templated":true}]}}