{"id":90758,"date":"2016-07-20T10:13:27","date_gmt":"2016-07-20T13:13:27","guid":{"rendered":"http:\/\/www.redenoticia.com.br\/noticia\/?p=90758"},"modified":"2016-07-19T21:16:24","modified_gmt":"2016-07-20T00:16:24","slug":"expectativa-de-empresarios-da-industria-melhora-pelo-segundo-mes-seguido","status":"publish","type":"post","link":"https:\/\/www.redenoticia.com.br\/noticia\/2016\/expectativa-de-empresarios-da-industria-melhora-pelo-segundo-mes-seguido\/90758","title":{"rendered":"Expectativa de empres\u00e1rios da ind\u00fastria melhora pelo segundo m\u00eas seguido"},"content":{"rendered":"<p> A <strong><em>expectativa dos empres\u00e1rios da ind\u00fastria<\/em><\/strong> melhorou pelo segundo m\u00eas seguido, revelou a Confedera\u00e7\u00e3o Nacional da Ind\u00fastria (CNI). Segundo a Sondagem Industrial, o \u00cdndice de Expectativa de Demanda, que mede se os empres\u00e1rios esperam que a demanda aumente nos pr\u00f3ximos seis meses, atingiu 52,9 pontos. \u00cdndices acima de 50 pontos indicam otimismo.<\/p>\n<p>Em rela\u00e7\u00e3o ao \u00cdndice de Expectativa de Exporta\u00e7\u00e3o, que mede se os empres\u00e1rios acreditam no aumento das exporta\u00e7\u00f5es, oscilou de 52,5 pontos em junho para 51,8 pontos em julho. Em rela\u00e7\u00e3o aos industriais que acreditam que v\u00e3o comprar mais mat\u00e9rias-primas nos pr\u00f3ximos seis meses, o indicador somou 50,8 pontos neste m\u00eas, acima da barreira de 50 pontos pela primeira vez desde outubro de 2014.<\/p>\n<p> O \u00edndice de expectativa de emprego ficou em 46,4 pontos em julho. Desde abril de 2014, o indicador est\u00e1 abaixo de 50 pontos, mas o \u00edndice atingiu o melhor n\u00edvel desde janeiro de 2015, quando tinha registrado 46,7 pontos.<\/p>\n<p>De acordo com a CNI, o levantamento indica que os empres\u00e1rios come\u00e7aram a ficar otimistas em rela\u00e7\u00e3o ao segundo semestre, apesar da atividade industrial ainda fraca. A inten\u00e7\u00e3o de investimento, como compra de m\u00e1quinas e equipamentos, continua baixa, com 41,4 pontos.<\/p>\n<p>Um dos fatores de desest\u00edmulo ao investimento \u00e9 a utiliza\u00e7\u00e3o da capacidade instalada (UCI), que permanece em n\u00edveis baixos. A UCI chegou a 64%, mesmo n\u00edvel pelo terceiro m\u00eas seguido. Em julho do ano passado, o \u00edndice estava em 66%. Com capacidade ociosa, os empres\u00e1rios n\u00e3o precisam refor\u00e7ar o maquin\u00e1rio para aumentar a produ\u00e7\u00e3o.<\/p>\n<p>A pesquisa ouviu 2.589 empresas e foi realizada entre 1\u00ba e 13 de julho em todo o pa\u00eds. Desse total, 1.054 s\u00e3o pequenas ind\u00fastrias, 946, m\u00e9dias e 589, grandes.<\/p>\n<p>Da Ag\u00eancia Brasil<br \/>\nEdi\u00e7\u00e3o: Armando Cardoso<br \/>\n20\/07\/2016<\/p>\n","protected":false},"excerpt":{"rendered":"<p>A expectativa dos empres\u00e1rios da ind\u00fastria melhorou pelo segundo m\u00eas seguido, revelou a Confedera\u00e7\u00e3o Nacional da Ind\u00fastria (CNI). Segundo a Sondagem Industrial, o \u00cdndice de Expectativa de Demanda, que mede se os empres\u00e1rios esperam que a demanda aumente nos pr\u00f3ximos seis meses, atingiu 52,9 pontos. \u00cdndices acima de 50 pontos indicam otimismo. Em rela\u00e7\u00e3o ao [&hellip;]<\/p>\n","protected":false},"author":2,"featured_media":57585,"comment_status":"open","ping_status":"closed","sticky":false,"template":"","format":"standard","meta":{"_genesis_hide_title":false,"_genesis_hide_breadcrumbs":false,"_genesis_hide_singular_image":false,"_genesis_hide_footer_widgets":false,"_genesis_custom_body_class":"","_genesis_custom_post_class":"","_genesis_layout":"","_jetpack_memberships_contains_paid_content":false,"footnotes":""},"categories":[22,7],"tags":[],"class_list":{"0":"post-90758","1":"post","2":"type-post","3":"status-publish","4":"format-standard","5":"has-post-thumbnail","7":"category-brasil","8":"category-economia","9":"entry","10":"gs-1","11":"gs-odd","12":"gs-even","13":"gs-featured-content-entry"},"jetpack_featured_media_url":"https:\/\/www.redenoticia.com.br\/noticia\/imagens\/analise-economia.jpg","jetpack_sharing_enabled":true,"jetpack_likes_enabled":true,"_links":{"self":[{"href":"https:\/\/www.redenoticia.com.br\/noticia\/wp-json\/wp\/v2\/posts\/90758","targetHints":{"allow":["GET"]}}],"collection":[{"href":"https:\/\/www.redenoticia.com.br\/noticia\/wp-json\/wp\/v2\/posts"}],"about":[{"href":"https:\/\/www.redenoticia.com.br\/noticia\/wp-json\/wp\/v2\/types\/post"}],"author":[{"embeddable":true,"href":"https:\/\/www.redenoticia.com.br\/noticia\/wp-json\/wp\/v2\/users\/2"}],"replies":[{"embeddable":true,"href":"https:\/\/www.redenoticia.com.br\/noticia\/wp-json\/wp\/v2\/comments?post=90758"}],"version-history":[{"count":0,"href":"https:\/\/www.redenoticia.com.br\/noticia\/wp-json\/wp\/v2\/posts\/90758\/revisions"}],"wp:featuredmedia":[{"embeddable":true,"href":"https:\/\/www.redenoticia.com.br\/noticia\/wp-json\/wp\/v2\/media\/57585"}],"wp:attachment":[{"href":"https:\/\/www.redenoticia.com.br\/noticia\/wp-json\/wp\/v2\/media?parent=90758"}],"wp:term":[{"taxonomy":"category","embeddable":true,"href":"https:\/\/www.redenoticia.com.br\/noticia\/wp-json\/wp\/v2\/categories?post=90758"},{"taxonomy":"post_tag","embeddable":true,"href":"https:\/\/www.redenoticia.com.br\/noticia\/wp-json\/wp\/v2\/tags?post=90758"}],"curies":[{"name":"wp","href":"https:\/\/api.w.org\/{rel}","templated":true}]}}